{"id":83901,"date":"2018-11-14T06:02:56","date_gmt":"2018-11-14T09:02:56","guid":{"rendered":"http:\/\/argentinamunicipal.com.ar\/argentina\/?p=83901"},"modified":"2018-11-13T19:05:00","modified_gmt":"2018-11-13T22:05:00","slug":"gremios-con-diferentes-reacciones","status":"publish","type":"post","link":"http:\/\/argentinamunicipal.com.ar\/argentina\/gremios-con-diferentes-reacciones\/","title":{"rendered":"Gremios con diferentes reacciones"},"content":{"rendered":"<p>Sin pronunciamiento oficial, desde la central obrera dejaron trascender su conformidad con el bono al que se sumaron los estatales. Desde el Frente Sindical, las CTA y los movimientos sociales anunciaron que seguir\u00e1n adelante con el paro.<\/p>\n<p>El Gobierno extiende el \u201cbono\u201d findea\u00f1ero en cuotas a estatales y fuerzas de seguridad. La CGT parece conforme por haberle arrancado \u201calgo\u201d a la administraci\u00f3n macrista a cambio de \u201cpaz social\u201d y as\u00ed \u201clevantar\u201d la amenaza de una nueva huelga general. Pero el Frente Sindical para el Modelo Nacional (FSMN), junto a las otras centrales sindicales (las CTA Aut\u00f3noma y de los Trabajadores) y movimiento sociales consideran que el bono es un mero paliativo que no cubre la p\u00e9rdida del poder adquisitivo de los trabajadores formales, que deja afuera a jubilados, organismos estatales descentralizados \u2013como INTA y Anses\u2013, y a los trabajadores informales que representan un 40 por ciento de la poblaci\u00f3n econ\u00f3micamente activa, en medio de la incertidumbre anunciada de las pymes para afrontar el pago. Los sectores gremiales m\u00e1s duros buscan confluir en un paro durante este mes al margen de la dirigencia cegetista, mientras ambas CTA se movilizar\u00e1n ma\u00f1ana frente al Congreso en contra del Presupuesto de ajuste del FMI, para volver a coincidir en la calles con el Frente que encabeza Hugo Moyano el 30 de noviembre en medio de la cumbre del G-20 en Buenos Aires.<\/p>\n<p>Aunque sin pronunciamiento oficial, en la CGT se muestran conformes con el bono y por ahora lograron alinear a los gremios que todav\u00eda responden al binomio de conducci\u00f3n. H\u00e9ctor Daer (Sanidad) y Carlos Acu\u00f1a (Estaciones de servicio) encabezaron las negociaciones con el Gobierno y ofrecieron como moneda de cambio desactivar otro paro general, del que no estaban convencidos de llevar adelante.<\/p>\n<p>El benepl\u00e1cito que expresaron de los estrat\u00e9gicos gremios de la UTA y la UF con el bono, colabor\u00f3 con despejar las intenciones de parar que esgrim\u00edan otros sindicatos de la Confederaci\u00f3n Argentina de Trabajadores del Transporte (CATT). El acuerdo al que arrib\u00f3 ayer UPCN, que recibir\u00e1 el bono de 5000 pesos en diciembre y un adicional del 10 por ciento (5 en enero y 5 en febrero) a la partidaria anual del 15 por ciento que hab\u00edan sellado el gremio en sinton\u00eda con las viejas aspiraciones del Gobierno, aplac\u00f3 el descontento de los estatales que en principio quedaban marginados.<\/p>\n<p>En tanto, la ministra de Seguridad, Patricia Bullrich, tambi\u00e9n se garantiz\u00f3 el disciplinamiento de sus subordinados en la previa de dos manifestaciones contra la pol\u00edtica econ\u00f3mica del Gobierno que se realizar\u00e1n una ma\u00f1ana frente al Congreso y la otra el 30, en medio de la cumbre del G20. Las cuatro fuerzas que dependen de su cartera (Polic\u00eda Federal, la Aeroportuaria, Gendarmer\u00eda y Prefectura) recibir\u00e1n el bono y un aumento adicional similar al de los estatales.<\/p>\n<p>Pero un sector importante de los gremios cegetistas y las dos CTA consideran insuficiente el bono, al que bautizaron como apenas un \u201cpaliativo\u201d. Desde la FSMN, que encabeza el sindicato de Camioneros conducido por Hugo y Pablo Moyano, Arnaldo Pignanelli (Smata) y Sergio Palazzo (Bancarios) junto a otros 60 gremios, se\u00f1alaron a P\u00e1ginaI12 que \u201clos 14 o 15 puntos que le llevamos al Consejo Directivo de la CGT eran mucho m\u00e1s extensos y amplios que un bono adicional que deja afuera a jubilados y organismos descentralizados del Estado\u201d. \u201cNosotros planteamos la reapertura total de las paritarias y frenar los despidos\u201d, agregaron.<\/p>\n<p>\u201cMa\u00f1ana (por hoy) vamos a reunirnos con los senadores de la oposici\u00f3n para manifestarle, como lo hicimos en Diputados, la postura del FSMN en contra del Presupuesto de ajuste impuesto por el FMI. Por el cambio de modelo econ\u00f3mico, en contra de la inflaci\u00f3n y por frenar los despidos, que es crucial\u201d, dijo el canillita Omar Plaini a P\u00e1ginaI12.<\/p>\n<p>\u201cEl bono es insuficiente frente a la p\u00e9rdida del poder adquisitivo del salario, tras la devaluaci\u00f3n y con paritarias por debajo de la inflaci\u00f3n, adem\u00e1s de no contemplar a todos los trabajadores. No incluye a los jubilados ni al 40 por ciento de los trabajadores no registrados, ni se sabe a que trabajadores estatales alcanza, como tampoco a que sectores productivos privados ya que hay empresarios pymes que dicen que no pueden pagarlo\u201d, a\u00f1adi\u00f3 el docente bonaerense Roberto Baradel a este diario, quien evalu\u00f3 que \u201cel bono ni siquiera es un paliativo\u201d.<\/p>\n<p>Baradel igual confirm\u00f3 que la CTA se movilizar\u00e1 ma\u00f1ana frente al Congreso para manifestar en contra del Presupuesto 2019 del Gobierno, algo que incluye un paro de ATE. Mientras que trabaja en conjunto con la otra CTA y el FSMN en una medida de fuerza conjunta. Aunque el trazo fino de la propuesta de esta central sindical se definir\u00e1 el 27 de noviembre, en un plenario de secretarios generales que acompa\u00f1ar\u00e1 el recambio de la direcci\u00f3n nacional de la CTA de los Trabajadores. \u201cIgual ya hemos acordado con otras centrales sindicales que nos movilizaremos en contra de la pol\u00edtica neoliberal del Gobierno durante la cumbre del G20\u201d, complet\u00f3 Baradel.<\/p>\n<p>\u201cEl bono termina escondiendo la precarizaci\u00f3n salarial que estamos atravesando y la paritaria a la baja que firma Andr\u00e9s Rodr\u00edguez (UPCN) con el gobierno de Macri. Nos quieren dar un bono para tratar de darle ox\u00edgeno al gobierno y no se trata de eso, se trata de darle ox\u00edgeno a los trabajadores\u201d, complet\u00f3 en declaraciones radiales el dirigente de ATE, Daniel Catalano, tambi\u00e9n de la CTA de los Trabajadores.<\/p>\n<p>Desde la CTA Aut\u00f3noma se sumaron a los cuestionamientos. \u201cCualquier plata que se le d\u00e9 a los trabajadores y trabajadoras en un momento de crisis como la que estamos atravesando sirve\u201d, arranc\u00f3 su secretario general, Pablo Micheli, pero enseguida marc\u00f3 que \u201cpara recuperar lo perdido en 2018 los trabajadores deber\u00edamos cobrar un bono de 70 mil pesos\u201d.<\/p>\n<p>Micheli tambi\u00e9n le apunt\u00f3 a la c\u00fapula de la CGT por las causas que motivaron la negociaci\u00f3n y el levantamiento del paro que hab\u00edan anunciado como parte de un plan de lucha. \u201cS\u00e9 que hubo conversaciones entre el Gobierno y la CGT que no fueron p\u00fablicas, para que no prospera la obligatoriedad de presentar las declaraciones juradas\u201d, dijo, y agreg\u00f3: \u201cSi en la ley de Etica P\u00fablica no aparece el tema de la obligatoriedad (de presentar las declaraciones) es una verg\u00fcenza\u201d.<\/p>\n<h6>Fuente: P\u00e1gina 12<\/h6>\n","protected":false},"excerpt":{"rendered":"<p>Sin pronunciamiento oficial, desde la central obrera dejaron trascender su conformidad con el bono al que se sumaron los estatales. Desde el Frente Sindical, las CTA y los movimientos sociales anunciaron que seguir\u00e1n adelante con el paro.<\/p>\n","protected":false},"author":2,"featured_media":83902,"comment_status":"closed","ping_status":"closed","sticky":false,"template":"","format":"standard","meta":{"footnotes":""},"categories":[8],"tags":[21],"class_list":["post-83901","post","type-post","status-publish","format-standard","has-post-thumbnail","hentry","category-informe-nacional","tag-argentina"],"_links":{"self":[{"href":"http:\/\/argentinamunicipal.com.ar\/argentina\/wp-json\/wp\/v2\/posts\/83901","targetHints":{"allow":["GET"]}}],"collection":[{"href":"http:\/\/argentinamunicipal.com.ar\/argentina\/wp-json\/wp\/v2\/posts"}],"about":[{"href":"http:\/\/argentinamunicipal.com.ar\/argentina\/wp-json\/wp\/v2\/types\/post"}],"author":[{"embeddable":true,"href":"http:\/\/argentinamunicipal.com.ar\/argentina\/wp-json\/wp\/v2\/users\/2"}],"replies":[{"embeddable":true,"href":"http:\/\/argentinamunicipal.com.ar\/argentina\/wp-json\/wp\/v2\/comments?post=83901"}],"version-history":[{"count":0,"href":"http:\/\/argentinamunicipal.com.ar\/argentina\/wp-json\/wp\/v2\/posts\/83901\/revisions"}],"wp:featuredmedia":[{"embeddable":true,"href":"http:\/\/argentinamunicipal.com.ar\/argentina\/wp-json\/wp\/v2\/media\/83902"}],"wp:attachment":[{"href":"http:\/\/argentinamunicipal.com.ar\/argentina\/wp-json\/wp\/v2\/media?parent=83901"}],"wp:term":[{"taxonomy":"category","embeddable":true,"href":"http:\/\/argentinamunicipal.com.ar\/argentina\/wp-json\/wp\/v2\/categories?post=83901"},{"taxonomy":"post_tag","embeddable":true,"href":"http:\/\/argentinamunicipal.com.ar\/argentina\/wp-json\/wp\/v2\/tags?post=83901"}],"curies":[{"name":"wp","href":"https:\/\/api.w.org\/{rel}","templated":true}]}}