{"id":83904,"date":"2018-11-14T06:05:16","date_gmt":"2018-11-14T09:05:16","guid":{"rendered":"http:\/\/argentinamunicipal.com.ar\/argentina\/?p=83904"},"modified":"2018-11-13T19:07:24","modified_gmt":"2018-11-13T22:07:24","slug":"como-en-los-anos-previos-al-estallido","status":"publish","type":"post","link":"http:\/\/argentinamunicipal.com.ar\/argentina\/como-en-los-anos-previos-al-estallido\/","title":{"rendered":"Como en los a\u00f1os previos al estallido"},"content":{"rendered":"<p>Los casi 100.000 empleos perdidos en la industria en el gobierno de Macri constituyen la peor crisis laboral de ese sector de los \u00faltimos 20 a\u00f1os. La consultora Radar estim\u00f3 que la tasa de desempleo puede subir del 12 al 14 por ciento en 2019.<\/p>\n<p>La destrucci\u00f3n del empleo industrial en los \u00faltimos tres a\u00f1os es similar a la registrada entre 1998 y 2002, cuando estall\u00f3 la crisis de la convertibilidad. As\u00ed lo detall\u00f3 un documento de la Consultora Radar. Los datos se elaboraron en base a informaci\u00f3n oficial de la Secretaria de Trabajo para el sector manufacturero. \u201cCon casi 100.000 empleos perdidos en la industria en los \u00faltimos a\u00f1os, es la peor crisis de los \u00faltimos 20 a\u00f1os y todo indica que se profundizar\u00e1\u201d, indic\u00f3 la consultora. La devaluaci\u00f3n de los \u00faltimos meses junto con el fuerte aumento de costos y el desplome del consumo fueron elementos claves para explicar el incremento en el ritmo de p\u00e9rdida de puestos de trabajo en la segunda parte de este a\u00f1o. Semana a semana se cierran establecimientos productivos en distintas partes del pa\u00eds.<\/p>\n<p>\u201cSe espera un segundo a\u00f1o de ca\u00edda de la actividad econ\u00f3mica con fuerte impacto en el mercado laboral. Con la proyecci\u00f3n m\u00e1s optimista planteada por el presupuesto y el Fondo Monetario Internacional estamos hablando de 230 mil nuevos desempleados (para toda la econom\u00eda). En un escenario menos optimista, pero sin saltos del tipo de cambio, el desempleo superar\u00eda el 12 por ciento. Esto significa m\u00e1s de medio mill\u00f3n de personas que pierden su trabajo\u201d, dijo Paula Espa\u00f1ol, directora de Radar.<\/p>\n<p>Para la consultora en 2019 la tasa de desocupaci\u00f3n estar\u00e1 en los dos d\u00edgitos y se ubicar\u00e1 en un rango de entre 11 y 14 por ciento. Realizaron estimaciones para el pr\u00f3ximo a\u00f1o con tres escenarios. En el caso pesimista, en el cual fracasa el esquema monetario y se registra una aceleraci\u00f3n de la inflaci\u00f3n, se estim\u00f3 una p\u00e9rdida de casi 800.000 mil desempleados. \u201cSe destruir\u00edan, en este escenario, trabajos en todos los sectores intensivos en mano de obra: comercio e industria (por el consumo), construcci\u00f3n (obra p\u00fablica y privada) y servicios empresariales y transporte (crisis econ\u00f3mica)\u201d, mencion\u00f3 el informe. En este \u00faltimo caso la desocupaci\u00f3n ser\u00eda la m\u00e1s alta desde 2003. Radar elabor\u00f3 estos escenarios junto con el Observatorio de Producci\u00f3n y Empleo de la Umet.<\/p>\n<p>El sector manufacturero es uno de los m\u00e1s afectados por la crisis. Desde noviembre de 2015 los datos del registro a la seguridad social (SIPA) indican que se perdieron unos 92.843 puestos de trabajo industriales. En los \u00faltimos dos meses el 74 por ciento de los despidos y las suspensiones se concentraron en la rama fabril. En el sector de servicio se explic\u00f3 otro 20 por ciento y en la construcci\u00f3n un 3 por ciento. Las peque\u00f1as y medianas empresas son algunas de las m\u00e1s afectadas por el derrape del mercado interno con fuerte ajuste de la demanda.<\/p>\n<p>El Centro de Econom\u00eda Pol\u00edtica fue otra consultora que reflej\u00f3 el problema laboral en los \u00faltimos meses. En uno de sus \u00faltimos informes indicaron que en el bimestre septiembre-octubre los despidos y suspensiones sumaron siete veces m\u00e1s que el a\u00f1o pasado: 20.872 personas fueron expulsadas del trabajo, mientras que en 2017, durante el mismo per\u00edodo, se hab\u00edan registrado 3087 casos.<\/p>\n<p>La rama manufacturera es el sector m\u00e1s afectado por las tensiones del mercado interno, indicaron. \u201cSeptiembre fue el mes de mayo impacto de la crisis derivada de la devaluaci\u00f3n y de la inestabilidad cambiaria, en el que se registr\u00f3 una ca\u00edda r\u00e9cord de la actividad industrial del 11,5 por ciento interanual\u201d. En el informe de CEPA se detall\u00f3 que los despidos acumularon 56.969 casos, de los cuales 15.825 se deben a empleados del sector p\u00fablico y 44.144 del sector privado.<\/p>\n<h6>Fuente: P\u00e1gina 12<\/h6>\n","protected":false},"excerpt":{"rendered":"<p>Los casi 100.000 empleos perdidos en la industria en el gobierno de Macri constituyen la peor crisis laboral de ese sector de los \u00faltimos 20 a\u00f1os. La consultora Radar estim\u00f3 que la tasa de desempleo puede subir del 12 al 14 por ciento en 2019.<\/p>\n","protected":false},"author":2,"featured_media":83905,"comment_status":"closed","ping_status":"closed","sticky":false,"template":"","format":"standard","meta":{"footnotes":""},"categories":[8],"tags":[21],"class_list":["post-83904","post","type-post","status-publish","format-standard","has-post-thumbnail","hentry","category-informe-nacional","tag-argentina"],"_links":{"self":[{"href":"http:\/\/argentinamunicipal.com.ar\/argentina\/wp-json\/wp\/v2\/posts\/83904","targetHints":{"allow":["GET"]}}],"collection":[{"href":"http:\/\/argentinamunicipal.com.ar\/argentina\/wp-json\/wp\/v2\/posts"}],"about":[{"href":"http:\/\/argentinamunicipal.com.ar\/argentina\/wp-json\/wp\/v2\/types\/post"}],"author":[{"embeddable":true,"href":"http:\/\/argentinamunicipal.com.ar\/argentina\/wp-json\/wp\/v2\/users\/2"}],"replies":[{"embeddable":true,"href":"http:\/\/argentinamunicipal.com.ar\/argentina\/wp-json\/wp\/v2\/comments?post=83904"}],"version-history":[{"count":0,"href":"http:\/\/argentinamunicipal.com.ar\/argentina\/wp-json\/wp\/v2\/posts\/83904\/revisions"}],"wp:featuredmedia":[{"embeddable":true,"href":"http:\/\/argentinamunicipal.com.ar\/argentina\/wp-json\/wp\/v2\/media\/83905"}],"wp:attachment":[{"href":"http:\/\/argentinamunicipal.com.ar\/argentina\/wp-json\/wp\/v2\/media?parent=83904"}],"wp:term":[{"taxonomy":"category","embeddable":true,"href":"http:\/\/argentinamunicipal.com.ar\/argentina\/wp-json\/wp\/v2\/categories?post=83904"},{"taxonomy":"post_tag","embeddable":true,"href":"http:\/\/argentinamunicipal.com.ar\/argentina\/wp-json\/wp\/v2\/tags?post=83904"}],"curies":[{"name":"wp","href":"https:\/\/api.w.org\/{rel}","templated":true}]}}