{"id":83907,"date":"2018-11-14T07:07:40","date_gmt":"2018-11-14T10:07:40","guid":{"rendered":"http:\/\/argentinamunicipal.com.ar\/argentina\/?p=83907"},"modified":"2018-11-13T19:12:35","modified_gmt":"2018-11-13T22:12:35","slug":"las-mentiras-y-la-paz","status":"publish","type":"post","link":"http:\/\/argentinamunicipal.com.ar\/argentina\/las-mentiras-y-la-paz\/","title":{"rendered":"Las mentiras y la paz"},"content":{"rendered":"<p>Como si hubieran enloquecido, la semana pasada algunos medios hegem\u00f3nicos empezaron a mostrar las que podr\u00edan llamarse sus profundas intenciones. En t\u00edtulos principales destacaron que: \u201cEl Reino Unido alerta por posibles ataques terroristas en la Argentina\u201d; y a la par: \u201cEl fantasma de la violencia altera al gobierno\u201d. Diversos medios, y hasta portales y telebasura, machacaron m\u00e1s o menos igual: el peligro terrorista se cierne sobre la Argentina. Pif-Paf.<\/p>\n<p>En uno de esos sinceramientos se dijo: \u201cEs muy probable que los terroristas intenten perpetrar ataques en la Argentina\u201d. Sugestivamente, claro, sin decir de qu\u00e9 \u201cterroristas\u201d ni de qu\u00e9 tipo de \u201cterrorismo\u201d se tratar\u00eda; s\u00f3lo dejaban picando el sustantivo impreciso. Estrategia desinformativa cuya irresponsabilidad se perfecciona al citar \u201cfuentes diplom\u00e1ticas brit\u00e1nicas\u201d y\/o \u201cvoceros del Foreign Office\u201d, que en realidad son No-Fuentes; o sea asertos irresponsables reveladores de oscuras intenciones.<\/p>\n<p>En otra nota -y con una enorme foto de casi seguros provocadores policiales de los que env\u00eda la ministra de dizque \u201cseguridad\u201d Patricia Bullrich a todas las manifestaciones- se hac\u00edan conjeturas amenazantes de la paz y se mencionaba a \u201cdos agrupaciones de extrema izquierda que se denominar\u00edan la Sim\u00f3n Bol\u00edvar y Santucho 22 de Agosto\u201d, las cuales, si existiesen m\u00e1s all\u00e1 de la siempre obvia y torpe imaginaci\u00f3n de los \u201cservicios\u201d, s\u00f3lo merecer\u00edan el firme repudio de la inmensa, gigantesca mayor\u00eda del pueblo argentino, que s\u00f3lo quiere Paz y Trabajo.<\/p>\n<p>Complementariamente, el diario La Naci\u00f3n titul\u00f3 el viernes pasado: \u201cLa democracia pierde atractivo en la regi\u00f3n: la mayor\u00eda no la prefiere como forma de gobierno\u201d. Y en copete y texto se dec\u00eda: \u201cLa democracia pierde atractivo en la regi\u00f3n (&#8230;) s\u00f3lo una minor\u00eda (48%) la prefiere como forma de gobierno\u201d, lo que ser\u00eda especialmente grave en Brasil (34%) y en M\u00e9xico (38%), mientras que en los pa\u00edses en donde todav\u00eda se valora la democracia los supuestos guarismos ser\u00edan muy d\u00e9biles: Costa Rica (63%) Uruguay (61%) Argentina (59%) y Chile (58%). La \u201cfuente\u201d en este caso es una casi desconocida encuestadora llamada \u201cLatinobar\u00f3metro\u201d.<\/p>\n<p>Ya se sabe que la imaginaci\u00f3n de \u201ccomunicadores\u201d y \u201cperiodistas\u201d deslizados al oficialismo puede ser tan grande como perversa, y ah\u00ed est\u00e1 la invenci\u00f3n de \u201ccuadernos\u201d cuyos originales nadie ha visto ni peritado, y cuyas fotocopias incendiarias s\u00ed tienen validez judicial en un pa\u00eds en el que un DNI fotocopiado no sirve ni para andar en moto. Quiz\u00e1s eso explica otras No-Noticias del pasado fin de semana como la imaginativa tonter\u00eda infantil de un ex periodista hoy empresario prestando un nuevo servicio al asegurar que en 2015 el kirchnerismo le \u201cofreci\u00f3 un pozo petrol\u00edfero\u201d para silenciar a un colega.<\/p>\n<p>M\u00e1s all\u00e1 de que ser\u00eda bueno leer o escuchar opiniones al respecto por parte de\u00a0l@s\u00a0acad\u00e9mic@s,\u00a0encuestadore@s\u00a0e intelectuales \u201crepublicanos\u201d que tanto barullo medi\u00e1tico hicieron hasta 2015 en las p\u00e1ginas de los llamados grandes diarios, lo que es evidente es que estamos frente a operaciones que delatan el creciente temor del r\u00e9gimen a perder las elecciones de 2019.<\/p>\n<p>El peligro, claro, es que empiecen a jugar m\u00e1s sucio a\u00fan. Como denigrar a la democracia y soltar imprudentes amenazas de violencia terrorista sobre una sociedad que ha dado y sigue dando infinitas y fuert\u00edsimas muestras de serenidad y vocaci\u00f3n por la paz y la convivencia.<\/p>\n<p>Mientras tanto, el sistema medi\u00e1tico concentrado que sostiene al gobierno aprovech\u00f3 para distraer a millones de compatriotas con otro timo: la llamada \u201csuperfinal\u201d Boca-River, que no fue m\u00e1s que la en\u00e9sima versi\u00f3n de una rivalidad que en esencia es un formidable negocio para vagos, corruptos y chismosos. Hasta con eso se las ingenian para degradar la democracia y la paz. Dos valores que se asientan en la convivencia, la justicia, el trabajo, la equidad y la honradez, y que oligarcas, fascistas y corruptos siempre andan esmerilando.<\/p>\n<p>El peligro de estas patra\u00f1as medi\u00e1ticas es enorme: a estos tipos y a sus mandantes globales no les importar\u00eda convertirnos en otra Siria (que hasta su actual destrucci\u00f3n era el pa\u00eds m\u00e1s democr\u00e1tico, y cultural y socialmente m\u00e1s desarrollado del Cercano Oriente, en cuya primera elecci\u00f3n presidencial multipartidista, en 2014, fue reelegido presidente Bashar Al-Asad con el 88,7 \u00a0% de los votos, habiendo votado el 73,42 \u00a0% de los empadronados, lo que se consider\u00f3 (dice Wikipedia) \u201cun fuerte respaldo de la poblaci\u00f3n al l\u00edder sirio, a quien muchos, incluyendo antiguos opositores, ven ahora como una garant\u00eda frente al caos impuesto por la guerra y la radicalizaci\u00f3n de los opositores hacia el extremismo isl\u00e1mico\u201d.<\/p>\n<p>Quiz\u00e1s no sea exagerado pensar que esa sombra puede sobrevolar la Argentina que viene. El capitalismo global absolutista ya lo ha hecho al destruir a sangre y fuego la vieja Yugoslavia, y tambi\u00e9n Irak, Libia, Afganist\u00e1n. Esa sombra, sobre lo que Jos\u00e9 Mart\u00ed llamaba Nuestra Am\u00e9rica, podr\u00eda cubrir tambi\u00e9n a Venezuela, Brasil, Bolivia. Y a la Argentina. Hist\u00f3ricamente a las dirigencias globales, como a las colonizadas, nunca les import\u00f3 la muerte de millones de seres humanos. As\u00ed son los nazis de este tiempo: fascistas y autoritarios de traje, corbata y Audi.<\/p>\n<p>L@s\u00a0millones de\u00a0argentin@s\u00a0obligados a mirar a toda hora la telebasura en decenas de miles de caf\u00e9s, bares, restoranes, consultorios, hoteles, tiendas, hospitales y vidrieras, clavados en la misma se\u00f1al, est\u00e1n siendo ideologizados para consentir el fascismo, el machismo, el racismo y el atropello a todos los derechos, pasivamente. Lo supo ver hace d\u00e9cadas Albert Einstein, cuando advirti\u00f3 que el mundo no ser\u00e1 destru\u00eddo por aquellos que hacen el mal, sino por aquellos que miran a los que hacen el mal sin ellos hacer nada.<\/p>\n<p>Por\u00a0Mempo Giardinelli<\/p>\n<h6>Fuente: P\u00e1gina 12<\/h6>\n","protected":false},"excerpt":{"rendered":"<p>Como si hubieran enloquecido, la semana pasada algunos medios hegem\u00f3nicos empezaron a mostrar las que podr\u00edan llamarse sus profundas intenciones. En t\u00edtulos principales destacaron que: \u201cEl Reino Unido alerta por posibles ataques terroristas en la Argentina\u201d<\/p>\n","protected":false},"author":2,"featured_media":83908,"comment_status":"closed","ping_status":"closed","sticky":false,"template":"","format":"standard","meta":{"footnotes":""},"categories":[6],"tags":[21],"class_list":["post-83907","post","type-post","status-publish","format-standard","has-post-thumbnail","hentry","category-opiniones","tag-argentina"],"_links":{"self":[{"href":"http:\/\/argentinamunicipal.com.ar\/argentina\/wp-json\/wp\/v2\/posts\/83907","targetHints":{"allow":["GET"]}}],"collection":[{"href":"http:\/\/argentinamunicipal.com.ar\/argentina\/wp-json\/wp\/v2\/posts"}],"about":[{"href":"http:\/\/argentinamunicipal.com.ar\/argentina\/wp-json\/wp\/v2\/types\/post"}],"author":[{"embeddable":true,"href":"http:\/\/argentinamunicipal.com.ar\/argentina\/wp-json\/wp\/v2\/users\/2"}],"replies":[{"embeddable":true,"href":"http:\/\/argentinamunicipal.com.ar\/argentina\/wp-json\/wp\/v2\/comments?post=83907"}],"version-history":[{"count":0,"href":"http:\/\/argentinamunicipal.com.ar\/argentina\/wp-json\/wp\/v2\/posts\/83907\/revisions"}],"wp:featuredmedia":[{"embeddable":true,"href":"http:\/\/argentinamunicipal.com.ar\/argentina\/wp-json\/wp\/v2\/media\/83908"}],"wp:attachment":[{"href":"http:\/\/argentinamunicipal.com.ar\/argentina\/wp-json\/wp\/v2\/media?parent=83907"}],"wp:term":[{"taxonomy":"category","embeddable":true,"href":"http:\/\/argentinamunicipal.com.ar\/argentina\/wp-json\/wp\/v2\/categories?post=83907"},{"taxonomy":"post_tag","embeddable":true,"href":"http:\/\/argentinamunicipal.com.ar\/argentina\/wp-json\/wp\/v2\/tags?post=83907"}],"curies":[{"name":"wp","href":"https:\/\/api.w.org\/{rel}","templated":true}]}}