{"id":83919,"date":"2018-11-14T06:20:00","date_gmt":"2018-11-14T09:20:00","guid":{"rendered":"http:\/\/argentinamunicipal.com.ar\/argentina\/?p=83919"},"modified":"2018-11-13T19:22:00","modified_gmt":"2018-11-13T22:22:00","slug":"se-vota-el-presupuesto-2019-los-intereses-de-deuda-equivalen-a-cuatro-veces-el-de-salud","status":"publish","type":"post","link":"http:\/\/argentinamunicipal.com.ar\/argentina\/se-vota-el-presupuesto-2019-los-intereses-de-deuda-equivalen-a-cuatro-veces-el-de-salud\/","title":{"rendered":"Se vota el Presupuesto 2019: los intereses de deuda equivalen a cuatro veces el de Salud"},"content":{"rendered":"<p>Este mi\u00e9rcoles 14, los senadores definir\u00e1n si el Presupuesto para 2019 ser\u00e1 aprobado o no. El oficialismo ya parece contar con los votos suficientes, provenientes de las bancadas que responden al gobernador Urtubey y el senador Pichetto. Los intereses de deuda son el \u00fanico presupuesto que le gana a la inflaci\u00f3n.<\/p>\n<p>Este mi\u00e9rcoles 14, el Senado definir\u00e1 si el proyecto de ley para el Presupuesto 2019 ser\u00e1 finalmente aprobado o no. Seg\u00fan los c\u00e1lculos y las propias estimaciones del oficialismo, el Presupuesto ya contar\u00eda con los votos para que salga, luego de la media sanci\u00f3n conseguida en la C\u00e1mara baja.<\/p>\n<p>Por eso, el gobierno ya prepara un\u00a0fuerte operativo de seguridad\u00a0que contar\u00e1 con vallados a varias cuadras a la redonda del Congreso, as\u00ed como un sistema de acreditaci\u00f3n escaso para presenciar la sesi\u00f3n. La idea es evitar los incidentes que ocurrieron durante la primera votaci\u00f3n, en donde posteriormente la polic\u00eda reprimi\u00f3 a los manifestantes.<\/p>\n<p>En un primer an\u00e1lisis, el proyecto de ley preparado por el gobierno de Mauricio Macri prev\u00e9 \u2013en t\u00e9rminos objetivos- un\u00a070% del presupuesto destinado para el gasto social.<\/p>\n<p>Sin embargo, desde la \u00f3ptica comparativa respecto al Presupuesto de este a\u00f1o y sobretodo, respecto a la inflaci\u00f3n final de 2018 y las estimaciones para el a\u00f1o siguiente, ese gasto termina siendo realmente escaso para todo lo que tenga que ver con lo social:\u00a0Educaci\u00f3n, Salud, Sistema de Seguridad Social, Desarrollo Social, etc.<\/p>\n<p>En efecto, lo \u00fanico que le gana a la inflaci\u00f3n y crece respecto al 2018, son los intereses de deuda. Esto, in\u00e9ditamente,\u00a0equivale a cuatro veces el presupuesto total para Salud con un fondo de 596 mil millones\u00a0y un crecimiento del 49 por ciento respecto a lo destinado en este a\u00f1o.<\/p>\n<p>Con el gasto que el gobierno busca destinar para pagar la deuda, tambi\u00e9n equivalen a\u00a024 veces los fondos destinados a las obras de agua potable y alcantarillado, o incluso 20 veces las de vivienda y urbanismo y 13 veces lo destinado para la Ciencia,\u00a0seg\u00fan calcul\u00f3 el diario P\u00e1gina12.<\/p>\n<p>Negociando: Esteban Bullrich (Cambiemos) con Pichetto (PJ)<br \/>\nLos votos para aprobar este Presupuesto vendr\u00e1n del oficialismo \u2013PRO y radicales- y otros 12 votos m\u00e1s, que tendr\u00e1n apoyo desde los bloques que conduce el gobernador\u00a0Juan Manuel Urtubey\u00a0y el senador justicialista\u00a0Miguel \u00c1ngel Pichetto.<\/p>\n<p>Por su parte, los nueve senadores del bloque de Cristina Fern\u00e1ndez de Kirchner, ser\u00e1n la postura m\u00e1s opositora dentro del Senado, aunque eso no alcanzar\u00eda para que la iniciativa del gobierno sea finalmente aprobada. Desde este sector se denuncia que el Presupuesto de Macri\u00a0es en clara respuesta a las exigencias del Fondo Monetario Internacional,que ya acord\u00f3 con el gobierno un mega pr\u00e9stamo de m\u00e1s de 55 mil millones de d\u00f3lares.<\/p>\n<p>En s\u00edntesis, el Presupuesto para 2019 prev\u00e9 una inflaci\u00f3n interanual del 23 por ciento \u2013luego de que en este a\u00f1o la misma superar\u00e1 el 40%-, y una ca\u00edda de la econom\u00eda del 0,5%.<\/p>\n<p>En tanto, desde una comparaci\u00f3n acerca de los a\u00f1os anteriores, el gasto para laEducaci\u00f3n, la Cultura y la Ciencia caer\u00e1n 25 por ciento y en prestaciones y Seguridad social un 8,3 por ciento.<\/p>\n<h6>Fuente: InfoCielo<\/h6>\n","protected":false},"excerpt":{"rendered":"<p>Este mi\u00e9rcoles 14, los senadores definir\u00e1n si el Presupuesto para 2019 ser\u00e1 aprobado o no. El oficialismo ya parece contar con los votos suficientes, provenientes de las bancadas que responden al gobernador Urtubey y el senador Pichetto. <\/p>\n","protected":false},"author":2,"featured_media":83920,"comment_status":"closed","ping_status":"closed","sticky":false,"template":"","format":"standard","meta":{"footnotes":""},"categories":[8],"tags":[21],"class_list":["post-83919","post","type-post","status-publish","format-standard","has-post-thumbnail","hentry","category-informe-nacional","tag-argentina"],"_links":{"self":[{"href":"http:\/\/argentinamunicipal.com.ar\/argentina\/wp-json\/wp\/v2\/posts\/83919","targetHints":{"allow":["GET"]}}],"collection":[{"href":"http:\/\/argentinamunicipal.com.ar\/argentina\/wp-json\/wp\/v2\/posts"}],"about":[{"href":"http:\/\/argentinamunicipal.com.ar\/argentina\/wp-json\/wp\/v2\/types\/post"}],"author":[{"embeddable":true,"href":"http:\/\/argentinamunicipal.com.ar\/argentina\/wp-json\/wp\/v2\/users\/2"}],"replies":[{"embeddable":true,"href":"http:\/\/argentinamunicipal.com.ar\/argentina\/wp-json\/wp\/v2\/comments?post=83919"}],"version-history":[{"count":0,"href":"http:\/\/argentinamunicipal.com.ar\/argentina\/wp-json\/wp\/v2\/posts\/83919\/revisions"}],"wp:featuredmedia":[{"embeddable":true,"href":"http:\/\/argentinamunicipal.com.ar\/argentina\/wp-json\/wp\/v2\/media\/83920"}],"wp:attachment":[{"href":"http:\/\/argentinamunicipal.com.ar\/argentina\/wp-json\/wp\/v2\/media?parent=83919"}],"wp:term":[{"taxonomy":"category","embeddable":true,"href":"http:\/\/argentinamunicipal.com.ar\/argentina\/wp-json\/wp\/v2\/categories?post=83919"},{"taxonomy":"post_tag","embeddable":true,"href":"http:\/\/argentinamunicipal.com.ar\/argentina\/wp-json\/wp\/v2\/tags?post=83919"}],"curies":[{"name":"wp","href":"https:\/\/api.w.org\/{rel}","templated":true}]}}