{"id":83928,"date":"2018-11-14T05:27:20","date_gmt":"2018-11-14T08:27:20","guid":{"rendered":"http:\/\/argentinamunicipal.com.ar\/argentina\/?p=83928"},"modified":"2018-11-13T19:30:21","modified_gmt":"2018-11-13T22:30:21","slug":"la-provincia-de-santa-fe-asumira-el-costo-de-la-tarifa-social-electrica-para-250-mil-usuarios","status":"publish","type":"post","link":"http:\/\/argentinamunicipal.com.ar\/argentina\/la-provincia-de-santa-fe-asumira-el-costo-de-la-tarifa-social-electrica-para-250-mil-usuarios\/","title":{"rendered":"La provincia de Santa Fe asumir\u00e1 el costo de la tarifa social el\u00e9ctrica para 250 mil usuarios"},"content":{"rendered":"<p>La secretaria de Energ\u00eda, Ver\u00f3nica Gesse, explic\u00f3 que se tom\u00f3 esa decisi\u00f3n ya que el gobierno nacional retir\u00f3 los subsidios para ese servicio<\/p>\n<p>La provincia de Santa Fe asumir\u00e1 el costo de la tarifa el\u00e9ctrica para 250 mil casos tras la decisi\u00f3n del gobierno nacional de retirar los subsidios para ese servicio. Lo confirm\u00f3 hoy la secretaria de Energ\u00eda provincial, Ver\u00f3nica Gesse, quien dijo que esa decisi\u00f3n\u00a0implica un esfuerzo de m\u00e1s de 1.400 millones de pesos para todo 2019, y tambi\u00e9n confirm\u00f3 que continuar\u00e1 el beneficio para los clubes.<\/p>\n<p>En declaraciones\u00a0 por\u00a0La Ocho, la funcionaria explic\u00f3: \u00abEstuvimos trabajando con el gobernador y el ministro de Econom\u00eda, analizando\u00a0el tema de la tarifa social el\u00e9ctrica que nos preocupa mucho\u00bb.<\/p>\n<p>Asimismo, anticip\u00f3 que \u00abse resolvi\u00f3 para el a\u00f1o pr\u00f3ximo que\u00a0la tarifa social, que abarca a m\u00e1s de 250 mil casos, se seguir\u00e1 cubriendo por cuenta de la provincia de Santa Fe\u00bb. Gesse se\u00f1al\u00f3 que esa movida econ\u00f3mica \u00abrepresenta un esfuerzo para la provincia de m\u00e1s de 1.400 millones de pesos para todo el a\u00f1o que viene\u00bb, y remarc\u00f3 que \u00abtambi\u00e9n se van a mantener las tarifas sociales para clubes, que es el 50 por ciento menos de su facturaci\u00f3n que env\u00eda la EPE\u00bb.<\/p>\n<p>\u00abEso tambi\u00e9n es muy importante para las entidades. Anunciamos esto para transmitir seguridad a las entidades deportivas y puedan avanzar tranquilamente.\u00a0Es un aporte de la provincia que para los usuarios de tarifa social nacional nos va a cubrir durante el primer bimestre del a\u00f1o\u00a0(enero y febrero), que es el de m\u00e1s calor\u00bb, concluy\u00f3 Gesse.<\/p>\n<h6>Fuente: Uno<\/h6>\n","protected":false},"excerpt":{"rendered":"<p>La secretaria de Energ\u00eda, Ver\u00f3nica Gesse, explic\u00f3 que se tom\u00f3 esa decisi\u00f3n ya que el gobierno nacional retir\u00f3 los subsidios para ese servicio<\/p>\n","protected":false},"author":2,"featured_media":83929,"comment_status":"closed","ping_status":"closed","sticky":false,"template":"","format":"standard","meta":{"footnotes":""},"categories":[65],"tags":[10],"class_list":["post-83928","post","type-post","status-publish","format-standard","has-post-thumbnail","hentry","category-provincias","tag-santa-fe"],"_links":{"self":[{"href":"http:\/\/argentinamunicipal.com.ar\/argentina\/wp-json\/wp\/v2\/posts\/83928","targetHints":{"allow":["GET"]}}],"collection":[{"href":"http:\/\/argentinamunicipal.com.ar\/argentina\/wp-json\/wp\/v2\/posts"}],"about":[{"href":"http:\/\/argentinamunicipal.com.ar\/argentina\/wp-json\/wp\/v2\/types\/post"}],"author":[{"embeddable":true,"href":"http:\/\/argentinamunicipal.com.ar\/argentina\/wp-json\/wp\/v2\/users\/2"}],"replies":[{"embeddable":true,"href":"http:\/\/argentinamunicipal.com.ar\/argentina\/wp-json\/wp\/v2\/comments?post=83928"}],"version-history":[{"count":0,"href":"http:\/\/argentinamunicipal.com.ar\/argentina\/wp-json\/wp\/v2\/posts\/83928\/revisions"}],"wp:featuredmedia":[{"embeddable":true,"href":"http:\/\/argentinamunicipal.com.ar\/argentina\/wp-json\/wp\/v2\/media\/83929"}],"wp:attachment":[{"href":"http:\/\/argentinamunicipal.com.ar\/argentina\/wp-json\/wp\/v2\/media?parent=83928"}],"wp:term":[{"taxonomy":"category","embeddable":true,"href":"http:\/\/argentinamunicipal.com.ar\/argentina\/wp-json\/wp\/v2\/categories?post=83928"},{"taxonomy":"post_tag","embeddable":true,"href":"http:\/\/argentinamunicipal.com.ar\/argentina\/wp-json\/wp\/v2\/tags?post=83928"}],"curies":[{"name":"wp","href":"https:\/\/api.w.org\/{rel}","templated":true}]}}