{"id":83956,"date":"2018-11-15T05:29:56","date_gmt":"2018-11-15T08:29:56","guid":{"rendered":"http:\/\/argentinamunicipal.com.ar\/argentina\/?p=83956"},"modified":"2018-11-14T19:39:04","modified_gmt":"2018-11-14T22:39:04","slug":"un-presupuesto-repudiado","status":"publish","type":"post","link":"http:\/\/argentinamunicipal.com.ar\/argentina\/un-presupuesto-repudiado\/","title":{"rendered":"Un Presupuesto repudiado"},"content":{"rendered":"<p>Dirigentes sindicales se reunieron con senadores de la oposici\u00f3n para expresar su repudio al proyecto que consagra los recortes que Mauricio Macri pact\u00f3 con el FMI. Miles de personas se manifiestan fuera del Congreso mientras el Senado debate la iniciativa. La sesi\u00f3n se prolongar\u00e1 m\u00e1s all\u00e1 de la medianoche.<\/p>\n<p>Magdalena Odarda, de R\u00edo-Sur, y Mar\u00eda Eugenia Catalfamo del peronismo puntano, se reunieron con el Frente sindical para el modelo nacional, conformado por La Corriente Federal de Trabajadores, el moyanismo y el SMATA. Los dirigentes sindicales fueron al Congreso para repudiar el Presupuesto 2019 elaborado por el Gobierno, que desde poco despu\u00e9s de las 14 se debate en el Senado, mientras organizaciones sociales, gremiales y pol\u00edticas manifiestan en la calle su rechazo al ajuste. El proyecto tiene media sanci\u00f3n de Diputados y el interbloque de senadores de Cambiemos se siente confiado en poder sancionarlo. Se espera que la sesi\u00f3n se prolongue m\u00e1s all\u00e1 de la medianoche.<\/p>\n<p>La reuni\u00f3n entre los sindicalistas y los senadores tuvo lugar antes del debate. Participaron del encuentro todos los senadores del FpV-PJ, excepto Cristina Kirchner, adem\u00e1s de los integrantes del interbloque Argentina Federal Mario Pais, Jos\u00e9 Ojeda, Norma Durango y Jos\u00e9 Mayans.<\/p>\n<p>Como ocurri\u00f3 durante el tratamiento del Presupuesto en Diputados, tambi\u00e9n hoy se convoc\u00f3 a movilizar contra su sanci\u00f3n. Desde la madrugada hay un fuerte operativo de seguridad en la zona. La plaza Congreso est\u00e1 vallada y hay polic\u00edas y camiones hidrantes desplegados en las calles adyacentes al Palacio Legislativo.<\/p>\n<p>El temario de la jornada incluye tambi\u00e9n la adenda al Consenso Fiscal 2018 y modificaciones en los impuestos a las Ganancias y a los Bienes Personales.\u00a0 En la lista de oradores se anotaron 39 senadores, a quienes se les sumar\u00e1n los discursos de cierre que dar\u00e1n los jefes de bloque, que podr\u00edan ser seis y tienen hasta 40 minutos para hablar. Si ninguno resigna su discurso la votaci\u00f3n ser\u00eda durante la madrugada.<\/p>\n<p>El oficialismo da por hecho que conseguir\u00e1 la sanci\u00f3n del proyecto del Ejecutivo. Ni siquiera la fractura que vive por estas horas el interbloque Argentina Federal, que conduce Miguel Angel Pichetto, hace peligrar los votos que necesita Cambiemos. Colaboradores del bloque oficial afirman que por lo menos tienen garantizados 40 voluntades para aprobar el proyecto que garantiza el ajuste acordado con el Fondo Monetario Internacional.<\/p>\n<h6>Fuente: P\u00e1gina 12<\/h6>\n","protected":false},"excerpt":{"rendered":"<p>Dirigentes sindicales se reunieron con senadores de la oposici\u00f3n para expresar su repudio al proyecto que consagra los recortes que Mauricio Macri pact\u00f3 con el FMI. <\/p>\n","protected":false},"author":2,"featured_media":83957,"comment_status":"closed","ping_status":"closed","sticky":false,"template":"","format":"standard","meta":{"footnotes":""},"categories":[8],"tags":[21],"class_list":["post-83956","post","type-post","status-publish","format-standard","has-post-thumbnail","hentry","category-informe-nacional","tag-argentina"],"_links":{"self":[{"href":"http:\/\/argentinamunicipal.com.ar\/argentina\/wp-json\/wp\/v2\/posts\/83956","targetHints":{"allow":["GET"]}}],"collection":[{"href":"http:\/\/argentinamunicipal.com.ar\/argentina\/wp-json\/wp\/v2\/posts"}],"about":[{"href":"http:\/\/argentinamunicipal.com.ar\/argentina\/wp-json\/wp\/v2\/types\/post"}],"author":[{"embeddable":true,"href":"http:\/\/argentinamunicipal.com.ar\/argentina\/wp-json\/wp\/v2\/users\/2"}],"replies":[{"embeddable":true,"href":"http:\/\/argentinamunicipal.com.ar\/argentina\/wp-json\/wp\/v2\/comments?post=83956"}],"version-history":[{"count":0,"href":"http:\/\/argentinamunicipal.com.ar\/argentina\/wp-json\/wp\/v2\/posts\/83956\/revisions"}],"wp:featuredmedia":[{"embeddable":true,"href":"http:\/\/argentinamunicipal.com.ar\/argentina\/wp-json\/wp\/v2\/media\/83957"}],"wp:attachment":[{"href":"http:\/\/argentinamunicipal.com.ar\/argentina\/wp-json\/wp\/v2\/media?parent=83956"}],"wp:term":[{"taxonomy":"category","embeddable":true,"href":"http:\/\/argentinamunicipal.com.ar\/argentina\/wp-json\/wp\/v2\/categories?post=83956"},{"taxonomy":"post_tag","embeddable":true,"href":"http:\/\/argentinamunicipal.com.ar\/argentina\/wp-json\/wp\/v2\/tags?post=83956"}],"curies":[{"name":"wp","href":"https:\/\/api.w.org\/{rel}","templated":true}]}}