{"id":83980,"date":"2018-11-15T05:55:45","date_gmt":"2018-11-15T08:55:45","guid":{"rendered":"http:\/\/argentinamunicipal.com.ar\/argentina\/?p=83980"},"modified":"2018-11-14T19:57:53","modified_gmt":"2018-11-14T22:57:53","slug":"triste-fin-de-ano-para-jubilados-y-pensionados-el-gobierno-nacional-confirmo-que-no-percibiran-el-bono","status":"publish","type":"post","link":"http:\/\/argentinamunicipal.com.ar\/argentina\/triste-fin-de-ano-para-jubilados-y-pensionados-el-gobierno-nacional-confirmo-que-no-percibiran-el-bono\/","title":{"rendered":"Triste fin de a\u00f1o para jubilados y pensionados: el gobierno nacional confirm\u00f3 que no percibir\u00e1n el bono"},"content":{"rendered":"<p>El vicejefe de Gabinete, Andr\u00e9s Ibarra, dio a conocer que el sector pasivo no cobrar\u00e1 la suma que recibir\u00e1n tanto trabajadores estatales, fuerzas de seguridad como privados.<\/p>\n<p>Una nueva decisi\u00f3n del gobierno nacional golpea a los jubilados y pensionados de todo el pa\u00eds en un momento en el cual el impacto de la crisis econ\u00f3mica se siente con mayor fuerza.\u00a0El sector no percibir\u00e1 el bono de fin de a\u00f1o\u00a0que s\u00ed podr\u00e1n acceder los trabajadores estatales y privados junto con los efectivos de las fuerzas de seguridad.<\/p>\n<p>En ese aspecto,\u00a0el vicejefe de Gabinete, Andr\u00e9s Ibarra, indic\u00f3 que \u201cfirmamos un acta acuerdo con el sector gremial de UPCN donde\u00a0se dispone que 5.000 pesos integren un bono remunerativo en diciembre para los empleados que forman parte del convenio colectivo de la administraci\u00f3n p\u00fablica\u00bb.<\/p>\n<p>Luego, aclar\u00f3 que incluye a unos \u00ab140 mil empleados p\u00fablicos, pero es una referencia en general para el resto de la administraci\u00f3n p\u00fablica, considerando que hay algunos convenios y situaciones espec\u00edficas que ya tienen compensaciones parecidas\u00bb.<\/p>\n<p>A su vez, en declaraciones a radio La Red, afirm\u00f3 que el bono alcanza a los empleados p\u00fablicos de los tres poderes y que se agregan, para complementar la paritaria firmada en abril, dos incrementos en enero y febrero del 5% cada uno.<\/p>\n<p>Sin embargo,\u00a0al referirse a jubilados y pensionados, sostuvo: \u00abPor el momento el esquema que est\u00e1 vigente en el pr\u00f3ximo ajuste va a tener en consideraci\u00f3n los \u00edndices m\u00e1s altos de inflaci\u00f3n por lo que ah\u00ed va a haber una mejora respecto de las remuneraciones. Se ver\u00e1 esa mejora pero no habr\u00e1 bono\u00bb.<\/p>\n<h6>Fuente: InfoCielo<\/h6>\n","protected":false},"excerpt":{"rendered":"<p>El vicejefe de Gabinete, Andr\u00e9s Ibarra, dio a conocer que el sector pasivo no cobrar\u00e1 la suma que recibir\u00e1n tanto trabajadores estatales, fuerzas de seguridad como privados.<\/p>\n","protected":false},"author":2,"featured_media":83981,"comment_status":"closed","ping_status":"closed","sticky":false,"template":"","format":"standard","meta":{"footnotes":""},"categories":[8],"tags":[21],"class_list":["post-83980","post","type-post","status-publish","format-standard","has-post-thumbnail","hentry","category-informe-nacional","tag-argentina"],"_links":{"self":[{"href":"http:\/\/argentinamunicipal.com.ar\/argentina\/wp-json\/wp\/v2\/posts\/83980","targetHints":{"allow":["GET"]}}],"collection":[{"href":"http:\/\/argentinamunicipal.com.ar\/argentina\/wp-json\/wp\/v2\/posts"}],"about":[{"href":"http:\/\/argentinamunicipal.com.ar\/argentina\/wp-json\/wp\/v2\/types\/post"}],"author":[{"embeddable":true,"href":"http:\/\/argentinamunicipal.com.ar\/argentina\/wp-json\/wp\/v2\/users\/2"}],"replies":[{"embeddable":true,"href":"http:\/\/argentinamunicipal.com.ar\/argentina\/wp-json\/wp\/v2\/comments?post=83980"}],"version-history":[{"count":0,"href":"http:\/\/argentinamunicipal.com.ar\/argentina\/wp-json\/wp\/v2\/posts\/83980\/revisions"}],"wp:featuredmedia":[{"embeddable":true,"href":"http:\/\/argentinamunicipal.com.ar\/argentina\/wp-json\/wp\/v2\/media\/83981"}],"wp:attachment":[{"href":"http:\/\/argentinamunicipal.com.ar\/argentina\/wp-json\/wp\/v2\/media?parent=83980"}],"wp:term":[{"taxonomy":"category","embeddable":true,"href":"http:\/\/argentinamunicipal.com.ar\/argentina\/wp-json\/wp\/v2\/categories?post=83980"},{"taxonomy":"post_tag","embeddable":true,"href":"http:\/\/argentinamunicipal.com.ar\/argentina\/wp-json\/wp\/v2\/tags?post=83980"}],"curies":[{"name":"wp","href":"https:\/\/api.w.org\/{rel}","templated":true}]}}