{"id":83998,"date":"2018-11-15T07:37:31","date_gmt":"2018-11-15T10:37:31","guid":{"rendered":"http:\/\/argentinamunicipal.com.ar\/argentina\/?p=83998"},"modified":"2018-11-15T07:37:31","modified_gmt":"2018-11-15T10:37:31","slug":"para-tocar-fondo","status":"publish","type":"post","link":"http:\/\/argentinamunicipal.com.ar\/argentina\/para-tocar-fondo\/","title":{"rendered":"PARA TOCAR FONDO"},"content":{"rendered":"<p>A pedido del FMI, el Senado se aprestaba a convertir en ley un presupuesto con fuertes recortes en salud, educaci\u00f3n, cultura, obras p\u00fablicas y vivienda. La \u00fanica partida que aumentar\u00e1 m\u00e1s que la inflaci\u00f3n es la destinada a pagar la deuda: 596.000 millones de pesos.<\/p>\n<p>Con un final cantado, Cambiemos se encaminaba \u2013al cierre de esta edici\u00f3n\u2013 a convertir en ley el Presupuesto 2019 bajo los designios del Fondo Monetario Internacional, con el aporte de un sector del peronismo federal como garante del triunfo oficialista. Con negociaciones en las que el ministro de Interior, Rogelio Frigerio, pact\u00f3 con gobernadores peronistas hasta \u00faltimo momento, el Gobierno contar\u00eda con algo m\u00e1s de 40 senadores (superando los 37 necesarios) para aprobar el presupuesto del Estado nacional para el a\u00f1o pr\u00f3ximo, donde el \u00fanico \u00edtem que crece \u201cbrutalmente\u201d es el destinado al pago de deuda externa. Los cierres de los bloques partidarios, incluido el de Cristina Fern\u00e1ndez de Kirchner, y la votaci\u00f3n, estaban previstos para la madrugada. Con la aprobaci\u00f3n presupuestaria \u2013incluido un paquete de leyes econ\u00f3micas\u2013, el Gobierno se asegur\u00f3 la convalidaci\u00f3n del ajuste impuesto en el acuerdo con el FMI, que desat\u00f3 discordia dentro del propio oficialismo y fractur\u00f3 al peronismo dialoguista encabezado por Miguel Pichetto, en medio de duras cr\u00edticas contra la pol\u00edtica econ\u00f3mica de \u201cajuste, desocupaci\u00f3n, tarifazos, inflaci\u00f3n, endeudamiento y recesi\u00f3n\u201d.<\/p>\n<p>La sesi\u00f3n arranc\u00f3 con algunas sorpresas. Apenas 26 minutos despu\u00e9s de la hora fijada (las 14), el Senado abri\u00f3 la sesi\u00f3n con 39 senadores sentados. Entre ellos, varios peronistas que hab\u00edan anticipado su voto en contra, y con la ausencia de los oficialistas de Santa Cruz. Los peronistas tucumanos Jos\u00e9 Alperovich y Beatriz Mirkin, que votaban en contra, se sentaron en sus bancas tras saludar efusivamente a Pichetto, el jefe de la bancada del peronismo federal, con el que acaban de romper.<\/p>\n<p>Salvo el santacruce\u00f1o Eduardo Costa y su coprovinciana Mar\u00eda Bel\u00e9n Tapia (que baj\u00f3 al recinto ya arrancada la sesi\u00f3n), Cambiemos sent\u00f3 al resto de su tropa. Tambi\u00e9n se sent\u00f3 la decena de federales encolumnados con Pichetto que acompa\u00f1aban al oficialismo, igual que otros peronistas anti K, el riojano Carlos Menem y partidos provinciales, como los neuquinos del MPN y uno de los tres santiague\u00f1os del Frente C\u00edvico, que divide posturas igual que lo hizo en Diputados. Aportaron al qu\u00f3rum otros federales que adelantaron su voto en contra, como el puntano Adolfo Rodr\u00edguez Sa\u00e1, el santafesino Omar Perotti, la formose\u00f1a Mar\u00eda Teresa Gonz\u00e1lez y los pampeanos Daniel Lovera y Norma Durango.<\/p>\n<p>El macrista Esteban Bullrich, que preside la Comisi\u00f3n de Presupuesto, arranc\u00f3 el debate como miembro informante en tono de campa\u00f1a electoral. \u201cEs falso que consumir es mejor que ahorrar; es falso que ahorrar hoy para el futuro es reducir nuestros recursos; es falso que ordenar el Estado es ajustar oportunidades; y es falso tambi\u00e9n que los recursos del Estado son infinitos\u201d, arranc\u00f3, en defensa del ajuste presupuestario que pretendi\u00f3 asociar al ahorro y al futuro prometedor que acarrear\u00eda llegar al \u201cd\u00e9ficit cero\u201d. \u201cNo es gratis la inflaci\u00f3n\u201d, sum\u00f3 el senador, que la atribuy\u00f3 al \u201cflagelo del d\u00e9ficit\u201d, buscando dejar a salvo las responsabilidades del Gobierno.<\/p>\n<p>Bullrich agradeci\u00f3 el apoyo de la mayor\u00eda de los gobernadores y de la mayor\u00eda de los diputados para un \u201chist\u00f3rico esfuerzo de reducir el d\u00e9ficit fiscal al cero por ciento\u201d. \u201cLo estamos haciendo juntos reconociendo el sacrificio que demanda de los argentinos\u201d, reconoci\u00f3 tratando de unificar un esfuerzo que recae en forma desigual sobre el conjunto de la sociedad y solo beneficia a los sectores econ\u00f3micos m\u00e1s concentrados.<\/p>\n<p>Las r\u00e9plicas no tardaron en llegar. \u201cEl gobierno de Cambiemos solo ofrece a los argentinos m\u00e1s ajuste, precarizaci\u00f3n, endeudamiento y recesi\u00f3n\u201d, abri\u00f3 el fuego Marcelo Fuentes, jefe del bloque del FpV-PJ. \u201cEs c\u00ednico presentar como una virtud los programas de emergencia que crean para paliar la crisis que ellos generaron\u201d, agreg\u00f3 sobre la gesti\u00f3n macrista.<\/p>\n<p>\u201cEste presupuesto no cae desde el cielo, sino que hay una construcci\u00f3n pol\u00edtica que expresa claramente cu\u00e1l es el proyecto de gobierno que hemos tenido en estos tres a\u00f1os, y el camino que se ha recorrido\u201d, insisti\u00f3 el senador neuquino antes de enunciar los tres ejes que a su criterio sustentan la pol\u00edtica econ\u00f3mica del Gobierno: \u201cLa eliminaci\u00f3n de las trabas que dificultaban el endeudamiento externo\u201d; \u201cla eliminaci\u00f3n de las restricciones a los capitales especulativos\u201d; y \u201cla eliminaci\u00f3n de subsidios\u201d. Luego describi\u00f3 que el \u00faltimo de los ejes mencionados \u201ctrajo como consecuencia la transferencia directa m\u00e1s brutal del bolsillo de los ciudadanos a los grupos concentrados, fundamentalmente del negocio energ\u00e9tico\u201d.<\/p>\n<p>\u201cEs la primera vez en la historia argentina donde un presupuesto viene a declarar que el pa\u00eds va a involucionar, y lo presentan como una virtud\u201d, cuando \u201cnormalmente un gobierno, ante un panorama como el que describen, busca medidas para evitar esa debacle\u201d, sentenci\u00f3 Fuentes.<\/p>\n<p>El formose\u00f1o Jos\u00e9 Mayans, que dej\u00f3 expuesta la fisura entre los peronistas federales en una discusi\u00f3n p\u00fablica con Miguel Pichetto, carg\u00f3 contra el presupuesto. \u201cLos resultados muestran que el programa econ\u00f3mico del Gobierno fracas\u00f3. La realidad que refleja este Presupuesto es la gente que no llega a fin de mes, que ha perdido el trabajo, que no puede acceder a los alimentos\u201d, afirm\u00f3.<\/p>\n<p>\u201cEl Gobierno ha hecho un endeudamiento brutal \u2013continu\u00f3 Mayans\u2013. \u201cEn dos a\u00f1os y medio se duplic\u00f3 el endeudamiento y este presupuesto va a autorizar un endeudamiento de casi 400 mil millones de d\u00f3lares. Lo que se est\u00e1 votando es el acuerdo con el FMI\u201d. \u201cEst\u00e1n haciendo una rapi\u00f1ada lamentable con la educaci\u00f3n, la salud, y con el Fondo Sojero, eliminado con un DNU, violando la Constituci\u00f3n y la seguridad jur\u00eddica\u201d, agreg\u00f3 el senador formose\u00f1o.<\/p>\n<p>Mayans tom\u00f3 palabras que Pichetto utiliz\u00f3 en medio de la disputa entre ambos para cargar contra el Gobierno y no dar por cerrada la disputa intestina entre los peronistas federales. Hizo propias las cr\u00edticas del rionegrino sobre la \u201cdesastrosa\u201d gesti\u00f3n de los \u00faltimos directores del Banco Central y la \u201cbrutal\u201d emisi\u00f3n de bonos y letras y hasta el endeudamiento a cien a\u00f1os. \u201c\u00bfQuieren que digamos que est\u00e1 todo bien lo que hace el Gobierno? Esto que dicen, que si no votamos el presupuesto incendiamos la pradera&#8230; No. Esto ya est\u00e1 incendiado\u201d, agreg\u00f3 Mayans, desafiante ante las acusaciones de Pichetto, de que \u201calgunos quieren prender fuego a la pradera\u201d y \u201calgunos gobernadores se compraron el traje cubano de la revoluci\u00f3n\u201d.<\/p>\n<p>\u201cLa verdad que cuando nos encontramos frente a un Gobierno que con cada pol\u00edtica que implementa beneficia a ciertos sectores de la econom\u00eda m\u00e1s concentrada y perjudica a los sectores m\u00e1s vulnerables, me parece que las diferencias se hacen notar\u201d, dijo la peronista puntana Eugenia Catalfamo. Luego se excluy\u00f3 de ser \u201cuna legisladora facilitadora o c\u00f3mplice de la aprobaci\u00f3n de ciertas leyes que muchos por ah\u00ed dicen que son para \u2018garantizar la gobernabilidad\u2019&#8230; No me parecen necesarias\u201d.<\/p>\n<p>\u201cEs cierto que la aprobaci\u00f3n del Presupuesto demuestra gobernabilidad, pero adem\u00e1s se requiere credibilidad y estabilidad, y el presupuesto debe ser sin\u00f3nimo de previsibilidad\u201d, dijo en cambio Luc\u00eda Crexell, para justificar el voto a favor del Movimiento Popular Neuquino.<\/p>\n<p>\u201cEste presupuesto es netamente unitario y metropolitano\u201d, \u201cno tiene en cuenta a las provincias\u201d y \u201cno contempla un desarrollo integral del pa\u00eds\u201d, sum\u00f3 el peronista juje\u00f1o Guillermo Snopek, como parte de los federales que no est\u00e1n alineados con la postura de Pichetto.<\/p>\n<p>Al cierre de esta edici\u00f3n, pasadas las 22, solo hab\u00eda hablado en el recinto la mitad de los oradores anotados. Algunos senadores armaron en sus despachos un lugar de reposo, facilitado por un silencioso Congreso vallado a cien metros a la redonda, y a la espera de una madrugada agitada para una sesi\u00f3n con final anunciado.<\/p>\n<h6>Fuente: P\u00e1gina 12<\/h6>\n","protected":false},"excerpt":{"rendered":"<p>A pedido del FMI, el Senado se aprestaba a convertir en ley un presupuesto con fuertes recortes en salud, educaci\u00f3n, cultura, obras p\u00fablicas y vivienda.<\/p>\n","protected":false},"author":2,"featured_media":83999,"comment_status":"closed","ping_status":"closed","sticky":false,"template":"","format":"standard","meta":{"footnotes":""},"categories":[8],"tags":[21],"class_list":["post-83998","post","type-post","status-publish","format-standard","has-post-thumbnail","hentry","category-informe-nacional","tag-argentina"],"_links":{"self":[{"href":"http:\/\/argentinamunicipal.com.ar\/argentina\/wp-json\/wp\/v2\/posts\/83998","targetHints":{"allow":["GET"]}}],"collection":[{"href":"http:\/\/argentinamunicipal.com.ar\/argentina\/wp-json\/wp\/v2\/posts"}],"about":[{"href":"http:\/\/argentinamunicipal.com.ar\/argentina\/wp-json\/wp\/v2\/types\/post"}],"author":[{"embeddable":true,"href":"http:\/\/argentinamunicipal.com.ar\/argentina\/wp-json\/wp\/v2\/users\/2"}],"replies":[{"embeddable":true,"href":"http:\/\/argentinamunicipal.com.ar\/argentina\/wp-json\/wp\/v2\/comments?post=83998"}],"version-history":[{"count":0,"href":"http:\/\/argentinamunicipal.com.ar\/argentina\/wp-json\/wp\/v2\/posts\/83998\/revisions"}],"wp:featuredmedia":[{"embeddable":true,"href":"http:\/\/argentinamunicipal.com.ar\/argentina\/wp-json\/wp\/v2\/media\/83999"}],"wp:attachment":[{"href":"http:\/\/argentinamunicipal.com.ar\/argentina\/wp-json\/wp\/v2\/media?parent=83998"}],"wp:term":[{"taxonomy":"category","embeddable":true,"href":"http:\/\/argentinamunicipal.com.ar\/argentina\/wp-json\/wp\/v2\/categories?post=83998"},{"taxonomy":"post_tag","embeddable":true,"href":"http:\/\/argentinamunicipal.com.ar\/argentina\/wp-json\/wp\/v2\/tags?post=83998"}],"curies":[{"name":"wp","href":"https:\/\/api.w.org\/{rel}","templated":true}]}}