{"id":84027,"date":"2018-11-20T20:20:39","date_gmt":"2018-11-20T23:20:39","guid":{"rendered":"http:\/\/argentinamunicipal.com.ar\/argentina\/?p=84027"},"modified":"2018-11-20T20:20:39","modified_gmt":"2018-11-20T23:20:39","slug":"el-gobierno-contra-los-gremios-aeronauticos","status":"publish","type":"post","link":"http:\/\/argentinamunicipal.com.ar\/argentina\/el-gobierno-contra-los-gremios-aeronauticos\/","title":{"rendered":"El Gobierno contra los gremios aeron\u00e1uticos"},"content":{"rendered":"<p>La empresa a\u00e9rea acusa a los empleados de supuesto abandono o retenci\u00f3n de tareas por su participaci\u00f3n en asambleas. Los sindicatos advierten que Mauricio Macri busca profundizar el conflicto para destruir Aerol\u00edneas y analizan una respuesta.<\/p>\n<p>El Gobierno redobl\u00f3 la apuesta en el conflicto con los gremios aeron\u00e1uticos y\u00a0suspendi\u00f3 hoy a 376 empleados de Aerol\u00edneas Argentinas\u00a0por supuesto abandono o retenci\u00f3n de tareas durante las asambleas sindicales que realizaron\u00a0el 8 de noviembre pasado. Los dirigentes que conducen los sindicatos del sector est\u00e1n reunidos y no descarta que dispongan medidas de fuerza en respuesta a la decisi\u00f3n de la empresa a\u00e9rea.<\/p>\n<p>El conflicto entre Aerol\u00edneas Argentinas y los trabajadores se desat\u00f3 ante la negativa de la empresa a implementar la\u00a0cl\u00e1usula gatillo del acuerdo salarial vigente. Las medidas que frente a esa situaci\u00f3n tomaron los gremios provocaron el 8 de este mes la cancelaci\u00f3n de m\u00e1s de doscientos vuelos.<\/p>\n<p>Cinco de los seis sindicatos del sector aeron\u00e1utico (APTA, APA, UPSA, APLA y UALA) hab\u00edan anunciado que este mi\u00e9rcoles volver\u00edan a realizar asambleas en el Aeroparque Metropolitano Jorge Newbery desde las 7 de la ma\u00f1ana, lo cual afectar\u00e1 la programaci\u00f3n de vuelos en esa terminal.<\/p>\n<p>Las suspensiones, que fueron comunicadas este martes por telegrama y son de entre 10 y 15 d\u00edas, incluyen a las \u00e1reas de Tr\u00e1fico (mostradores), contact center, rampa, mantenimiento y pilotos.<\/p>\n<p>El \u00fanico sector que qued\u00f3 exceptuado son tripulantes de a bordo, representados por el gremio de Aeronavegantes, que no realiz\u00f3 asambleas aquel 8 de noviembre.<\/p>\n<h6>Fuente: P\u00e1gina 12<\/h6>\n","protected":false},"excerpt":{"rendered":"<p>La empresa a\u00e9rea acusa a los empleados de supuesto abandono o retenci\u00f3n de tareas por su participaci\u00f3n en asambleas. <\/p>\n","protected":false},"author":2,"featured_media":84028,"comment_status":"closed","ping_status":"closed","sticky":false,"template":"","format":"standard","meta":{"footnotes":""},"categories":[8],"tags":[21],"class_list":["post-84027","post","type-post","status-publish","format-standard","has-post-thumbnail","hentry","category-informe-nacional","tag-argentina"],"_links":{"self":[{"href":"http:\/\/argentinamunicipal.com.ar\/argentina\/wp-json\/wp\/v2\/posts\/84027","targetHints":{"allow":["GET"]}}],"collection":[{"href":"http:\/\/argentinamunicipal.com.ar\/argentina\/wp-json\/wp\/v2\/posts"}],"about":[{"href":"http:\/\/argentinamunicipal.com.ar\/argentina\/wp-json\/wp\/v2\/types\/post"}],"author":[{"embeddable":true,"href":"http:\/\/argentinamunicipal.com.ar\/argentina\/wp-json\/wp\/v2\/users\/2"}],"replies":[{"embeddable":true,"href":"http:\/\/argentinamunicipal.com.ar\/argentina\/wp-json\/wp\/v2\/comments?post=84027"}],"version-history":[{"count":0,"href":"http:\/\/argentinamunicipal.com.ar\/argentina\/wp-json\/wp\/v2\/posts\/84027\/revisions"}],"wp:featuredmedia":[{"embeddable":true,"href":"http:\/\/argentinamunicipal.com.ar\/argentina\/wp-json\/wp\/v2\/media\/84028"}],"wp:attachment":[{"href":"http:\/\/argentinamunicipal.com.ar\/argentina\/wp-json\/wp\/v2\/media?parent=84027"}],"wp:term":[{"taxonomy":"category","embeddable":true,"href":"http:\/\/argentinamunicipal.com.ar\/argentina\/wp-json\/wp\/v2\/categories?post=84027"},{"taxonomy":"post_tag","embeddable":true,"href":"http:\/\/argentinamunicipal.com.ar\/argentina\/wp-json\/wp\/v2\/tags?post=84027"}],"curies":[{"name":"wp","href":"https:\/\/api.w.org\/{rel}","templated":true}]}}