{"id":84036,"date":"2018-11-20T18:30:03","date_gmt":"2018-11-20T21:30:03","guid":{"rendered":"http:\/\/argentinamunicipal.com.ar\/argentina\/?p=84036"},"modified":"2018-11-20T20:32:12","modified_gmt":"2018-11-20T23:32:12","slug":"acuna-rechazo-un-paro-de-la-cgt-antes-de-fin-de-ano-y-desafio-al-frente-sindical","status":"publish","type":"post","link":"http:\/\/argentinamunicipal.com.ar\/argentina\/acuna-rechazo-un-paro-de-la-cgt-antes-de-fin-de-ano-y-desafio-al-frente-sindical\/","title":{"rendered":"Acu\u00f1a rechaz\u00f3 un paro de la CGT antes de fin de a\u00f1o y desafi\u00f3 al Frente Sindical"},"content":{"rendered":"<p>Uno de los secretarios generales de la central obrera neg\u00f3 que vaya a haber una medida de fuerza, habl\u00f3 del bono de fin de a\u00f1o y pidi\u00f3 la unidad entre Massa y Cristina Kirchner.<\/p>\n<p>Uno de los titulares de la\u00a0CGT, Carlos\u00a0Acu\u00f1a, dijo hoy que \u00abno hay ninguna posibilidad de una medida de fuerza antes de fin de a\u00f1o\u00bb y lanz\u00f3 cr\u00edticas el Frente Sindical.<\/p>\n<p>\u00abLa CGT no va a adherir a ninguna convocatoria\u00bb, adelant\u00f3 y critic\u00f3 al\u00a0Frente Sindical que lidera Hugo Moyano: \u00abSi quieren convocar a un paro que lo hagan, desde la CGT no adherimos.\u00a0Si representan tanto a las bases, \u00bfpor qu\u00e9 no convocan al paro?\u00bb.<\/p>\n<p>Tambi\u00e9n defendi\u00f3 el\u00a0bono\u00a0de fin de a\u00f1o al decir que \u00abes lo que hay, lo que se pudo, no lo que se quiso\u00bb. Sin embargo, en di\u00e1logo con Cr\u00f3nica anunciada critic\u00f3 a los\u00a0empresarios: \u00abSon unos atrevidos, salieron a decir que no pod\u00edan pagar el bono cuando ni siquiera estaba el decreto\u00bb.<\/p>\n<p>Tambi\u00e9n critic\u00f3 la situaci\u00f3n de los\u00a0jubilados: \u00abLos dejaron olvidados con el bono de 5 mil pesos, estamos reclamando que adelanten el aumento de marzo a diciembre\u00bb.<\/p>\n<p>Por \u00faltimo, llam\u00f3 a la unidad de la oposici\u00f3n: \u00abOjal\u00e1 se de una uni\u00f3n entre Cristina Kirchner y Sergio Massa\u00bb.<\/p>\n<h6>Fuente: InfoNews<\/h6>\n","protected":false},"excerpt":{"rendered":"<p>Uno de los secretarios generales de la central obrera neg\u00f3 que vaya a haber una medida de fuerza, habl\u00f3 del bono de fin de a\u00f1o y pidi\u00f3 la unidad entre Massa y Cristina Kirchner.<\/p>\n","protected":false},"author":2,"featured_media":84037,"comment_status":"closed","ping_status":"closed","sticky":false,"template":"","format":"standard","meta":{"footnotes":""},"categories":[8],"tags":[21],"class_list":["post-84036","post","type-post","status-publish","format-standard","has-post-thumbnail","hentry","category-informe-nacional","tag-argentina"],"_links":{"self":[{"href":"http:\/\/argentinamunicipal.com.ar\/argentina\/wp-json\/wp\/v2\/posts\/84036","targetHints":{"allow":["GET"]}}],"collection":[{"href":"http:\/\/argentinamunicipal.com.ar\/argentina\/wp-json\/wp\/v2\/posts"}],"about":[{"href":"http:\/\/argentinamunicipal.com.ar\/argentina\/wp-json\/wp\/v2\/types\/post"}],"author":[{"embeddable":true,"href":"http:\/\/argentinamunicipal.com.ar\/argentina\/wp-json\/wp\/v2\/users\/2"}],"replies":[{"embeddable":true,"href":"http:\/\/argentinamunicipal.com.ar\/argentina\/wp-json\/wp\/v2\/comments?post=84036"}],"version-history":[{"count":0,"href":"http:\/\/argentinamunicipal.com.ar\/argentina\/wp-json\/wp\/v2\/posts\/84036\/revisions"}],"wp:featuredmedia":[{"embeddable":true,"href":"http:\/\/argentinamunicipal.com.ar\/argentina\/wp-json\/wp\/v2\/media\/84037"}],"wp:attachment":[{"href":"http:\/\/argentinamunicipal.com.ar\/argentina\/wp-json\/wp\/v2\/media?parent=84036"}],"wp:term":[{"taxonomy":"category","embeddable":true,"href":"http:\/\/argentinamunicipal.com.ar\/argentina\/wp-json\/wp\/v2\/categories?post=84036"},{"taxonomy":"post_tag","embeddable":true,"href":"http:\/\/argentinamunicipal.com.ar\/argentina\/wp-json\/wp\/v2\/tags?post=84036"}],"curies":[{"name":"wp","href":"https:\/\/api.w.org\/{rel}","templated":true}]}}