{"id":84075,"date":"2018-11-20T21:38:39","date_gmt":"2018-11-21T00:38:39","guid":{"rendered":"http:\/\/argentinamunicipal.com.ar\/argentina\/?p=84075"},"modified":"2018-11-20T21:38:39","modified_gmt":"2018-11-21T00:38:39","slug":"1300-ciclistas-participaron-de-la-septima-edicion-del-cruce-del-tunel-subfluvial","status":"publish","type":"post","link":"http:\/\/argentinamunicipal.com.ar\/argentina\/1300-ciclistas-participaron-de-la-septima-edicion-del-cruce-del-tunel-subfluvial\/","title":{"rendered":"1300 ciclistas participaron de la s\u00e9ptima edici\u00f3n del \u201cCruce del T\u00fanel Subfluvial\u201d"},"content":{"rendered":"<p>Este domingo, los protagonistas recorrieron de ida y vuelta el trayecto entre el camping Balneario Thompson, de Paran\u00e1, y el camping municipal de San Jos\u00e9 del Rinc\u00f3n.<\/p>\n<p>Un total de 1300 ciclistas, procedentes de diversas regiones del pa\u00eds y del exterior, protagonizaron este domingo la s\u00e9ptima edici\u00f3n del \u201cCruce del T\u00fanel Subfluvial\u201d. V\u00eda que une a la capital provincial de Santa Fe con la de Entre R\u00edos.<br \/>\nEl tradicional evento de cicloturismo comenz\u00f3 en 2012 con apenas 300 inscriptos. Es organizado por M\u00e9danos Bikes. En esta oportunidad cont\u00f3 con la participaci\u00f3n de la Asociaci\u00f3n de Deportes Adaptados de Velocidad (Acdavel), que reuni\u00f3 a unas 30 bicicletas adaptadas tripuladas por deportistas federados a nivel nacional e internacional, e integrantes del seleccionado nacional de dicha especialidad.<\/p>\n<p>\u201cEste es el perfil que se pretende para el viaducto. Que no debe ser s\u00f3lo un lugar de paso, sino un espacio del que santafesinos y entrerrianos puedan disponer a partir de actividades sociales, culturales, tur\u00edsticas o deportivas. Todas ellas experiencias integradoras que nos permiten conocer y disfrutar de esta gran obra de ingenier\u00eda, la m\u00e1s importante de Am\u00e9rica Latina\u201d. Se\u00f1al\u00f3 al respecto el representante del gobierno de Santa Fe en el Ente Interprovincial del T\u00fanel, Mariano Romero Acu\u00f1a.<\/p>\n<p>En el mismo sentido, el representante del gobierno de Entre R\u00edos, Juan Jos\u00e9 Mart\u00ednez, sostuvo que \u201ca trav\u00e9s de este tipo de eventos el t\u00fanel apuesta a la inclusi\u00f3n. Valorando a quienes tienen capacidades diferentes. Para nosotros eso es muy importante\u201d.<\/p>\n<p>Seguridad<br \/>\nAdem\u00e1s, ambos funcionarios destacaron el profesionalismo de los operadores de tr\u00e1nsito del Ente. Que garantizaron el cruce seguro de la caravana de ciclistas sin ning\u00fan tipo de incidentes. Como as\u00ed tambi\u00e9n el trabajo conjunto realizado con personal de tr\u00e1nsito del t\u00fanel, municipios, la Polic\u00eda de Seguridad Vial de Santa Fe y de Entre R\u00edos, y Gendarmer\u00eda Nacional.<\/p>\n<p>Luego, el responsable de Medanos Bickes, Aldo Villalba, se\u00f1al\u00f3 que \u201cla cantidad de participantes fue similar a la edici\u00f3n anterior. Adem\u00e1s se hizo todo lo posible para que los 55 kil\u00f3metros fueran una fiesta para todos. Sin perder de vista las medidas de seguridad que se exigieron como el uso del casco, que fue obligatorio. Como tambi\u00e9n lo es para circular en la ciudad\u201d. Estas medidas buscaron garantizar la participaci\u00f3n de ciclistas desde los 12 a\u00f1os.<\/p>\n<p>ACTIVIDAD INCLUSIVA<br \/>\nLa actividad fue recreativa. Pero tuvo una variante competitiva protagonizada por deportistas federados nucleados en la especialidad de ciclismo adaptado, que otorga puntos para el campeonato nacional.<\/p>\n<p>\u201cPensar hace unos a\u00f1os que personas con discapacidad podr\u00edan estar cruzando el t\u00fanel en bicicleta era realmente una utop\u00eda\u201d. Expres\u00f3 Daniel Quiroga, presidente de la Asociaci\u00f3n Civil de Deportes Adaptados de Velocidad.<\/p>\n<p>\u201cEstamos muy agradecidos, porque desde que se inici\u00f3 este proceso de participaci\u00f3n de nuestro grupo, los organizadores nos abrieron las puertas de una forma incre\u00edble. Realmente, esto ha sido lo mejor que me ha pasado en mi carrera de organizador de este tipo de competencias en el pa\u00eds. Les agradezco profundamente por ser tan integradores\u201d. Concluy\u00f3.<\/p>\n<p>EL RECORRIDO<br \/>\nLa caravana parti\u00f3 por la ma\u00f1ana desde el Balneario Thompson (Paran\u00e1) y cumpli\u00f3 con todas las etapas previstas. Al llegar al camping de San Jos\u00e9 del Rinc\u00f3n (Santa Fe), los participantes tuvieron tiempo para hidratarse y luego emprendieron el regreso hac\u00eda la capital entrerriana. Culminando en punto de partida.<\/p>\n<p>PRESENTES<br \/>\nEn la actividad tambi\u00e9n estuvo presente el subsecretario de Deportes de la provincia de Santa Fe, Carlos Iparraguirre.<\/p>\n<h6>Fuente: Sin Mordaza<\/h6>\n","protected":false},"excerpt":{"rendered":"<p>Este domingo, los protagonistas recorrieron de ida y vuelta el trayecto entre el camping Balneario Thompson, de Paran\u00e1, y el camping municipal de San Jos\u00e9 del Rinc\u00f3n.<\/p>\n","protected":false},"author":2,"featured_media":84076,"comment_status":"closed","ping_status":"closed","sticky":false,"template":"","format":"standard","meta":{"footnotes":""},"categories":[47],"tags":[17,10],"class_list":["post-84075","post","type-post","status-publish","format-standard","has-post-thumbnail","hentry","category-fiestas","tag-entre-rios","tag-santa-fe"],"_links":{"self":[{"href":"http:\/\/argentinamunicipal.com.ar\/argentina\/wp-json\/wp\/v2\/posts\/84075","targetHints":{"allow":["GET"]}}],"collection":[{"href":"http:\/\/argentinamunicipal.com.ar\/argentina\/wp-json\/wp\/v2\/posts"}],"about":[{"href":"http:\/\/argentinamunicipal.com.ar\/argentina\/wp-json\/wp\/v2\/types\/post"}],"author":[{"embeddable":true,"href":"http:\/\/argentinamunicipal.com.ar\/argentina\/wp-json\/wp\/v2\/users\/2"}],"replies":[{"embeddable":true,"href":"http:\/\/argentinamunicipal.com.ar\/argentina\/wp-json\/wp\/v2\/comments?post=84075"}],"version-history":[{"count":0,"href":"http:\/\/argentinamunicipal.com.ar\/argentina\/wp-json\/wp\/v2\/posts\/84075\/revisions"}],"wp:featuredmedia":[{"embeddable":true,"href":"http:\/\/argentinamunicipal.com.ar\/argentina\/wp-json\/wp\/v2\/media\/84076"}],"wp:attachment":[{"href":"http:\/\/argentinamunicipal.com.ar\/argentina\/wp-json\/wp\/v2\/media?parent=84075"}],"wp:term":[{"taxonomy":"category","embeddable":true,"href":"http:\/\/argentinamunicipal.com.ar\/argentina\/wp-json\/wp\/v2\/categories?post=84075"},{"taxonomy":"post_tag","embeddable":true,"href":"http:\/\/argentinamunicipal.com.ar\/argentina\/wp-json\/wp\/v2\/tags?post=84075"}],"curies":[{"name":"wp","href":"https:\/\/api.w.org\/{rel}","templated":true}]}}