{"id":84078,"date":"2018-11-20T21:43:29","date_gmt":"2018-11-21T00:43:29","guid":{"rendered":"http:\/\/argentinamunicipal.com.ar\/argentina\/?p=84078"},"modified":"2018-11-20T21:43:29","modified_gmt":"2018-11-21T00:43:29","slug":"rosario-fue-reconocida-por-sus-politicas-publicas","status":"publish","type":"post","link":"http:\/\/argentinamunicipal.com.ar\/argentina\/rosario-fue-reconocida-por-sus-politicas-publicas\/","title":{"rendered":"Rosario fue reconocida por sus pol\u00edticas p\u00fablicas"},"content":{"rendered":"<p>Se llev\u00f3 a cabo el XV Congreso Internacional de la Asociaci\u00f3n Internacional de Ciudades Educadoras.<\/p>\n<p>El evento se realiz\u00f3 del 13 al 16 de noviembre en la ciudad de Cascais, Portugal.<\/p>\n<p>Durante el congreso, seleccionaron cuatro experiencias exitosas y con vertiente educadora de Rosario.<\/p>\n<p><strong>Los proyectos<\/strong><br \/>\nEn este sentido, se trata del Programa Equidad Educativa, del Instituto Municipal de la Mujer. El Programa de Convivencia y la Escuela Ciclista de la Secretar\u00eda de Transporte y Movilidad. Y por \u00faltimo, los puntos digitales que gestiona la Secretar\u00eda de Cultura y Educaci\u00f3n.<\/p>\n<p>Cabe destacar que la intendenta M\u00f3nica Fein particip\u00f3 de la apertura del evento.<\/p>\n<h6>Fuente: Sin Mordaza<\/h6>\n","protected":false},"excerpt":{"rendered":"<p>Se llev\u00f3 a cabo el XV Congreso Internacional de la Asociaci\u00f3n Internacional de Ciudades Educadoras.\u00a0<\/p>\n","protected":false},"author":2,"featured_media":84079,"comment_status":"closed","ping_status":"closed","sticky":false,"template":"","format":"standard","meta":{"footnotes":""},"categories":[2],"tags":[10],"class_list":["post-84078","post","type-post","status-publish","format-standard","has-post-thumbnail","hentry","category-informe-municipal","tag-santa-fe"],"_links":{"self":[{"href":"http:\/\/argentinamunicipal.com.ar\/argentina\/wp-json\/wp\/v2\/posts\/84078","targetHints":{"allow":["GET"]}}],"collection":[{"href":"http:\/\/argentinamunicipal.com.ar\/argentina\/wp-json\/wp\/v2\/posts"}],"about":[{"href":"http:\/\/argentinamunicipal.com.ar\/argentina\/wp-json\/wp\/v2\/types\/post"}],"author":[{"embeddable":true,"href":"http:\/\/argentinamunicipal.com.ar\/argentina\/wp-json\/wp\/v2\/users\/2"}],"replies":[{"embeddable":true,"href":"http:\/\/argentinamunicipal.com.ar\/argentina\/wp-json\/wp\/v2\/comments?post=84078"}],"version-history":[{"count":0,"href":"http:\/\/argentinamunicipal.com.ar\/argentina\/wp-json\/wp\/v2\/posts\/84078\/revisions"}],"wp:featuredmedia":[{"embeddable":true,"href":"http:\/\/argentinamunicipal.com.ar\/argentina\/wp-json\/wp\/v2\/media\/84079"}],"wp:attachment":[{"href":"http:\/\/argentinamunicipal.com.ar\/argentina\/wp-json\/wp\/v2\/media?parent=84078"}],"wp:term":[{"taxonomy":"category","embeddable":true,"href":"http:\/\/argentinamunicipal.com.ar\/argentina\/wp-json\/wp\/v2\/categories?post=84078"},{"taxonomy":"post_tag","embeddable":true,"href":"http:\/\/argentinamunicipal.com.ar\/argentina\/wp-json\/wp\/v2\/tags?post=84078"}],"curies":[{"name":"wp","href":"https:\/\/api.w.org\/{rel}","templated":true}]}}