{"id":84085,"date":"2018-11-21T07:18:32","date_gmt":"2018-11-21T10:18:32","guid":{"rendered":"http:\/\/argentinamunicipal.com.ar\/argentina\/?p=84085"},"modified":"2018-11-21T07:18:32","modified_gmt":"2018-11-21T10:18:32","slug":"la-intendenta-de-rosario-anuncio-70-productos-en-precios-justos-y-convoco-a-los-comerciantes-a-sumarse","status":"publish","type":"post","link":"http:\/\/argentinamunicipal.com.ar\/argentina\/la-intendenta-de-rosario-anuncio-70-productos-en-precios-justos-y-convoco-a-los-comerciantes-a-sumarse\/","title":{"rendered":"La Intendenta de Rosario anunci\u00f3 70 productos en Precios Justos y convoc\u00f3 a los comerciantes a sumarse"},"content":{"rendered":"<p>La intendenta anticip\u00f3 que en la segunda etapa de la campa\u00f1a precios justos se incorporan art\u00edculos de la canasta navide\u00f1a, adem\u00e1s afirm\u00f3 que son 70 los locales adheridos y pidi\u00f3 a los almaceneros que se sumen a la propuesta.<\/p>\n<p>La buena aceptaci\u00f3n de la primera etapa de la campa\u00f1a Precios Justos fue impulso para promover que se agreguen m\u00e1s productos regionales y m\u00e1s negocios a la propuesta de la Municipalidad de Rosario junto a la Uni\u00f3n de Almaceneros.\u00a0La lista completa de Precios Justos.<br \/>\nEn esta segunda etapa son 70 los productos seleccionados con precios que estar\u00e1n congelados hasta el 10 de enero. La novedad es que se agregan art\u00edculos para celebrar las fiestas de fin de a\u00f1o, adem\u00e1s de otros que se mantienen y algunos que se modifican por la estaci\u00f3n.<\/p>\n<p>Adem\u00e1s aseguran que se duplic\u00f3 la cantidad de lugares y se siguen agregando. \u00abConvocamos a los comercios rosarinos para que se incorporen a trav\u00e9s de la p\u00e1gina de la municipalidad\u00bb, afirm\u00f3 la intendenta.<\/p>\n<p>\u00abHay productos que ya estaban en la campa\u00f1a anterior y se mantienen con un incremento s\u00f3lo del 3 por ciento, son productos de consumo masivo que mantienen los precios despu\u00e9s de 40 d\u00edas de campa\u00f1a\u00bb, valor\u00f3 Fein que enumer\u00f3 que se ahora se podr\u00e1n encontrar pan dulce, sidras, frutas secas para celebrar las fiestas.<\/p>\n<p>\u00abEn el programa Precios Justos hemos priorizado que las personas se acerquen a sus comercios cercanos, a Pymes de nuestra ciudad y regi\u00f3n, vemos mucha solidaridad entre los locales\u00bb, agreg\u00f3.<\/p>\n<h6>Fuente: La Capital<\/h6>\n","protected":false},"excerpt":{"rendered":"<p>La intendenta anticip\u00f3 que en la segunda etapa de la campa\u00f1a precios justos se incorporan art\u00edculos de la canasta navide\u00f1a, adem\u00e1s afirm\u00f3 que son 70 los locales adheridos y pidi\u00f3 a los almaceneros que se sumen a la propuesta.<\/p>\n","protected":false},"author":2,"featured_media":84086,"comment_status":"closed","ping_status":"closed","sticky":false,"template":"","format":"standard","meta":{"footnotes":""},"categories":[2],"tags":[10],"class_list":["post-84085","post","type-post","status-publish","format-standard","has-post-thumbnail","hentry","category-informe-municipal","tag-santa-fe"],"_links":{"self":[{"href":"http:\/\/argentinamunicipal.com.ar\/argentina\/wp-json\/wp\/v2\/posts\/84085","targetHints":{"allow":["GET"]}}],"collection":[{"href":"http:\/\/argentinamunicipal.com.ar\/argentina\/wp-json\/wp\/v2\/posts"}],"about":[{"href":"http:\/\/argentinamunicipal.com.ar\/argentina\/wp-json\/wp\/v2\/types\/post"}],"author":[{"embeddable":true,"href":"http:\/\/argentinamunicipal.com.ar\/argentina\/wp-json\/wp\/v2\/users\/2"}],"replies":[{"embeddable":true,"href":"http:\/\/argentinamunicipal.com.ar\/argentina\/wp-json\/wp\/v2\/comments?post=84085"}],"version-history":[{"count":0,"href":"http:\/\/argentinamunicipal.com.ar\/argentina\/wp-json\/wp\/v2\/posts\/84085\/revisions"}],"wp:featuredmedia":[{"embeddable":true,"href":"http:\/\/argentinamunicipal.com.ar\/argentina\/wp-json\/wp\/v2\/media\/84086"}],"wp:attachment":[{"href":"http:\/\/argentinamunicipal.com.ar\/argentina\/wp-json\/wp\/v2\/media?parent=84085"}],"wp:term":[{"taxonomy":"category","embeddable":true,"href":"http:\/\/argentinamunicipal.com.ar\/argentina\/wp-json\/wp\/v2\/categories?post=84085"},{"taxonomy":"post_tag","embeddable":true,"href":"http:\/\/argentinamunicipal.com.ar\/argentina\/wp-json\/wp\/v2\/tags?post=84085"}],"curies":[{"name":"wp","href":"https:\/\/api.w.org\/{rel}","templated":true}]}}