{"id":84116,"date":"2018-11-22T06:24:52","date_gmt":"2018-11-22T09:24:52","guid":{"rendered":"http:\/\/argentinamunicipal.com.ar\/argentina\/?p=84116"},"modified":"2018-11-21T21:26:53","modified_gmt":"2018-11-22T00:26:53","slug":"segun-la-ocde-estamos-cada-vez-peor","status":"publish","type":"post","link":"http:\/\/argentinamunicipal.com.ar\/argentina\/segun-la-ocde-estamos-cada-vez-peor\/","title":{"rendered":"Seg\u00fan la OCDE, estamos cada vez peor"},"content":{"rendered":"<p>Mientras el ministro de Econom\u00eda Nicol\u00e1s Dujovne aseguraba en Par\u00eds que la Argentina tiene \u201clo necesario\u201d para convertirse en miembro permanente de la Organizaci\u00f3n para la Cooperaci\u00f3n y el Desarrollo Econ\u00f3micos (OCDE), el organismo empeor\u00f3 sus perspectivas de crecimiento para el pa\u00eds y destac\u00f3 que el PBI no crecer\u00e1 hasta 2020. El a\u00f1o pr\u00f3ximo la ca\u00edda ser\u00e1 del 1,9 por ciento.<\/p>\n<p>El organismo advirti\u00f3 que la econom\u00eda caer\u00e1 un 2,8 por ciento este a\u00f1o, un 0.9 por ciento m\u00e1s que en la \u00faltima predicci\u00f3n de septiembre, y un 1,9 por ciento en 2019, 1,8 por ciento m\u00e1s que hace dos meses. La clave de la recesi\u00f3n radica, seg\u00fan la OCDE, en el endurecimiento de las pol\u00edticas fiscales y monetarias implementadas por la alianza gobernante, que encabeza Mauricio Macri.<\/p>\n<p>Muy atr\u00e1s parecen haber quedado aquellos d\u00edas de mayo en que el organismo vaticinaba que la Argentina crecer\u00eda el a\u00f1o pr\u00f3ximo 2,5 puntos, y en que el Gobierno afirmaba\u00a0que el pa\u00eds ser\u00eda el pr\u00f3ximo miembro permanente de la OCDE. Aquel\u00a0pron\u00f3stico de hace seis meses fue rebatido hoy por el mismo organismo, que alert\u00f3 que reci\u00e9n en 2020 se podr\u00eda llegar a ver un repunte del 2,3 por ciento del PBI, aunque el vaticinio tambi\u00e9n se podr\u00eda\u00a0ver afectado por una contracci\u00f3n de la demanda interna mayor de la prevista durante 2019. El informe difundido hoy significa un importante cambio de proyecciones, dado que en el informe anterior el mismo organismo hab\u00eda pronosticado que el pa\u00eds tendr\u00eda una expansi\u00f3n del 0,1 por ciento\u00a0en 2019.<\/p>\n<p>Las conclusiones del informe anticipan el impacto real que tendr\u00e1 la profundizaci\u00f3n\u00a0del ajuste fiscal que impulsa Macri para llegar al equilibrio de las cuentas p\u00fablicas en 2019 exigido por el FMI y el endurecimiento de la pol\u00edtica monetaria con tasas de inter\u00e9s r\u00e9cord que el Banco Central puso en marcha el 1 de octubre. Mientras tanto, Dujovne renov\u00f3 las promesas argentinas durante\u00a0una reuni\u00f3n con el secretario general de la OCDE, \u00c1ngel Gurria, ante quien ratific\u00f3 el plan de acci\u00f3n de Argentina con el organismo.<\/p>\n<p>\u00abCuando pase esta tormenta, veremos fundamentos macro mucho m\u00e1s fuertes, una econom\u00eda m\u00e1s competitiva, un pa\u00eds con instituciones m\u00e1s fuertes; y los mismos deseos y convicciones de crear mejores oportunidades para nuestros ciudadanos y una Argentina m\u00e1s fuerte y estable, lista para tener un papel activo y positivo en la comunidad internacional\u00bb, se\u00f1al\u00f3 Dujovne.<\/p>\n<p>Minutos despu\u00e9s, la OCDE subrayaba\u00a0el deterioro de los indicadores sociales que ponen en juego el crecimiento prometido. Sin embargo, el organismo volvi\u00f3 a sacar a relucir su manual neoliberal al destacar que \u201cson necesarias la consolidaci\u00f3n y la pol\u00edtica monetaria restrictiva para reducir los persistentes desequilibrios fiscales y de la cuenta corriente\u201d.<\/p>\n<p>\u00abEsto y una mayor independencia del Banco Central, si se implementa, ayudar\u00e1 a restaurar la confianza. Adem\u00e1s, una mejor cosecha y un tipo de cambio real m\u00e1s bajo apoyar\u00e1n un crecimiento m\u00e1s fuerte las exportaciones\u00bb, sostuvo el organismo que, en julio de 2017, recomend\u00f3 al Gobierno argentino flexibilizar el mercado de trabajo, privatizar empresas, eliminar los subsidios a la energ\u00eda, recortar el empleo p\u00fablico, elevar la edad jubilatoria para las mujeres, sostener la pol\u00edtica de altas tasas, mejorar el clima de negocios y profundizar la apertura comercial.<\/p>\n<h6>Fuente: P\u00e1gina 12<\/h6>\n","protected":false},"excerpt":{"rendered":"<p>Mientras el ministro de Econom\u00eda Nicol\u00e1s Dujovne aseguraba en Par\u00eds que la Argentina tiene \u201clo necesario\u201d para convertirse en miembro permanente de la Organizaci\u00f3n para la Cooperaci\u00f3n y el Desarrollo Econ\u00f3micos (OCDE), el organismo empeor\u00f3 sus perspectivas de crecimiento para el pa\u00eds<\/p>\n","protected":false},"author":2,"featured_media":84117,"comment_status":"closed","ping_status":"closed","sticky":false,"template":"","format":"standard","meta":{"footnotes":""},"categories":[8],"tags":[21],"class_list":["post-84116","post","type-post","status-publish","format-standard","has-post-thumbnail","hentry","category-informe-nacional","tag-argentina"],"_links":{"self":[{"href":"http:\/\/argentinamunicipal.com.ar\/argentina\/wp-json\/wp\/v2\/posts\/84116","targetHints":{"allow":["GET"]}}],"collection":[{"href":"http:\/\/argentinamunicipal.com.ar\/argentina\/wp-json\/wp\/v2\/posts"}],"about":[{"href":"http:\/\/argentinamunicipal.com.ar\/argentina\/wp-json\/wp\/v2\/types\/post"}],"author":[{"embeddable":true,"href":"http:\/\/argentinamunicipal.com.ar\/argentina\/wp-json\/wp\/v2\/users\/2"}],"replies":[{"embeddable":true,"href":"http:\/\/argentinamunicipal.com.ar\/argentina\/wp-json\/wp\/v2\/comments?post=84116"}],"version-history":[{"count":0,"href":"http:\/\/argentinamunicipal.com.ar\/argentina\/wp-json\/wp\/v2\/posts\/84116\/revisions"}],"wp:featuredmedia":[{"embeddable":true,"href":"http:\/\/argentinamunicipal.com.ar\/argentina\/wp-json\/wp\/v2\/media\/84117"}],"wp:attachment":[{"href":"http:\/\/argentinamunicipal.com.ar\/argentina\/wp-json\/wp\/v2\/media?parent=84116"}],"wp:term":[{"taxonomy":"category","embeddable":true,"href":"http:\/\/argentinamunicipal.com.ar\/argentina\/wp-json\/wp\/v2\/categories?post=84116"},{"taxonomy":"post_tag","embeddable":true,"href":"http:\/\/argentinamunicipal.com.ar\/argentina\/wp-json\/wp\/v2\/tags?post=84116"}],"curies":[{"name":"wp","href":"https:\/\/api.w.org\/{rel}","templated":true}]}}