{"id":84119,"date":"2018-11-22T05:00:11","date_gmt":"2018-11-22T08:00:11","guid":{"rendered":"http:\/\/argentinamunicipal.com.ar\/argentina\/?p=84119"},"modified":"2018-11-21T21:28:51","modified_gmt":"2018-11-22T00:28:51","slug":"un-desaire-mas","status":"publish","type":"post","link":"http:\/\/argentinamunicipal.com.ar\/argentina\/un-desaire-mas\/","title":{"rendered":"Un desaire m\u00e1s"},"content":{"rendered":"<p>La canciller\u00eda de Brasil confirm\u00f3 que el presidente electo Jair Bolsonaro no participar\u00e1 de la cumbre de L\u00edderes del G20 que se realizar\u00e1 en Buenos Aires el viernes 31 de noviembre y s\u00e1bado 1 de diciembre. El dirigente ultraderechista hab\u00eda sido invitado por el presidente en funciones, Michel Temer, pero el Planalto ratific\u00f3 la primera ausencia de la reuni\u00f3n que este a\u00f1o organiza el presidente Mauricio Macri.<\/p>\n<p>Seg\u00fan la agencia de noticias del pa\u00eds vecino, el Ministerio de Relaciones Exteriores brasile\u00f1o asegur\u00f3 que Bolsonaro no ser\u00e1 parte de la comitiva que viaje a Buenos Aires, en un nuevo desaire al presidente Macri. Si bien el excapit\u00e1n asumir\u00e1 reci\u00e9n en enero de 2019, Bolsonaro era una de las figuras que el gobierno esperaba para la cumbre del G20.<\/p>\n<p>La decisi\u00f3n llega adem\u00e1s tras las advertencias\u00a0de su futuro ministro de Hacienda, Paulo Guedes, quien poco antes de\u00a0ser designado critic\u00f3 al Mercosur y declar\u00f3 que la Argentina no ser\u00eda \u201cuna prioridad\u201d para el futuro gobierno brasile\u00f1o. Aquella afirmaci\u00f3n\u00a0desat\u00f3 un peque\u00f1o entredicho diplom\u00e1tico, que se complement\u00f3 con la decisi\u00f3n de Bolsonaro de romper la tradici\u00f3n y elegir a Chile como anfiri\u00f3n de su primer viaje al exterior.<\/p>\n<p>En ese momento, y para intentar calmar las aguas, Guedes hab\u00eda deslizado la posibilidad de que el sucesor Temer participe de la reuni\u00f3n de presidentes que se realiza este a\u00f1o en la Ciudad de Buenos Aires. Con ese mismo objetivo, el canciller argentino Jorge Faurie le hab\u00eda restado importancia al anuncio de la visita Sebasti\u00e1n Pi\u00f1era y no hab\u00eda descartado la presencia de Bolsonaro en el G20.<\/p>\n<p>Para disimular la ausencia del presidente electo, Luis Cesar Gasser, director del Departamento de Asuntos Financieros y Servicios del Ministerio de Relaciones Exteriores, se\u00f1al\u00f3 que \u201cel comercio internacional es un tema que le preocupa al gobierno brasile\u00f1o\u201d. \u201cEs de extrema relevancia y ser\u00e1 uno de los ejes que ser\u00e1n tratados por Brasil en Buenos Aires\u201d, agreg\u00f3.<\/p>\n<p>De hecho hoy la futura ministra de Agricultura, Tereza Cristina, exigi\u00f3 cambios profundos en el Mercosur y advirti\u00f3 que si no se efect\u00faan Brasil podr\u00eda abandonar el bloque regional.\u00a0\u00abNecesitamos ver nuestros intereses\u00bb, advirti\u00f3 Cristina.<\/p>\n<h6>Fuente: P\u00e1gina 12<\/h6>\n","protected":false},"excerpt":{"rendered":"<p>La canciller\u00eda de Brasil confirm\u00f3 que el presidente electo Jair Bolsonaro no participar\u00e1 de la cumbre de L\u00edderes del G20 que se realizar\u00e1 en Buenos Aires el viernes 31 de noviembre y s\u00e1bado 1 de diciembre. <\/p>\n","protected":false},"author":2,"featured_media":84120,"comment_status":"closed","ping_status":"closed","sticky":false,"template":"","format":"standard","meta":{"footnotes":""},"categories":[8],"tags":[21],"class_list":["post-84119","post","type-post","status-publish","format-standard","has-post-thumbnail","hentry","category-informe-nacional","tag-argentina"],"_links":{"self":[{"href":"http:\/\/argentinamunicipal.com.ar\/argentina\/wp-json\/wp\/v2\/posts\/84119","targetHints":{"allow":["GET"]}}],"collection":[{"href":"http:\/\/argentinamunicipal.com.ar\/argentina\/wp-json\/wp\/v2\/posts"}],"about":[{"href":"http:\/\/argentinamunicipal.com.ar\/argentina\/wp-json\/wp\/v2\/types\/post"}],"author":[{"embeddable":true,"href":"http:\/\/argentinamunicipal.com.ar\/argentina\/wp-json\/wp\/v2\/users\/2"}],"replies":[{"embeddable":true,"href":"http:\/\/argentinamunicipal.com.ar\/argentina\/wp-json\/wp\/v2\/comments?post=84119"}],"version-history":[{"count":0,"href":"http:\/\/argentinamunicipal.com.ar\/argentina\/wp-json\/wp\/v2\/posts\/84119\/revisions"}],"wp:featuredmedia":[{"embeddable":true,"href":"http:\/\/argentinamunicipal.com.ar\/argentina\/wp-json\/wp\/v2\/media\/84120"}],"wp:attachment":[{"href":"http:\/\/argentinamunicipal.com.ar\/argentina\/wp-json\/wp\/v2\/media?parent=84119"}],"wp:term":[{"taxonomy":"category","embeddable":true,"href":"http:\/\/argentinamunicipal.com.ar\/argentina\/wp-json\/wp\/v2\/categories?post=84119"},{"taxonomy":"post_tag","embeddable":true,"href":"http:\/\/argentinamunicipal.com.ar\/argentina\/wp-json\/wp\/v2\/tags?post=84119"}],"curies":[{"name":"wp","href":"https:\/\/api.w.org\/{rel}","templated":true}]}}