{"id":84143,"date":"2018-11-22T04:49:15","date_gmt":"2018-11-22T07:49:15","guid":{"rendered":"http:\/\/argentinamunicipal.com.ar\/argentina\/?p=84143"},"modified":"2018-11-21T21:51:12","modified_gmt":"2018-11-22T00:51:12","slug":"santa-fe-tendra-la-primera-autopista-electrica-de-argentina","status":"publish","type":"post","link":"http:\/\/argentinamunicipal.com.ar\/argentina\/santa-fe-tendra-la-primera-autopista-electrica-de-argentina\/","title":{"rendered":"Santa Fe tendr\u00e1 la primera autopista el\u00e9ctrica de Argentina"},"content":{"rendered":"<p>Ser\u00e1 en el tramo Rosario &#8211; Santa Fe. \u00abEstos son los temas del futuro y forma parte de la pol\u00edtica p\u00fablica de los pa\u00edses m\u00e1s desarrollados\u00bb, asegur\u00f3 hoy Lifschitz.<\/p>\n<p>El gobernador Miguel Lifschitz confirm\u00f3 este mi\u00e9rcoles que la provincia de Santa Fe contar\u00e1 con la primera autopista el\u00e9ctrica de Argentina, en el tramo Rosario &#8211; Santa Fe, que tendr\u00e1 dos puntos de abastecimiento en cada una de las estaciones de servicio que se encuentran sobra la traza.<\/p>\n<p>El anunci\u00f3 lo hizo en el marco del foro \u00abDesaf\u00edos de la Movilidad El\u00e9ctrica y Alternativa\u00bb, que se desarroll\u00f3 en la Estaci\u00f3n Fluvial de Rosario, en el marco de la nueva ley que promueve la industrializaci\u00f3n y uso de veh\u00edculos que utilicen energ\u00edas renovables y sean m\u00e1s amigables con el ambiente.<\/p>\n<p>La ley tambi\u00e9n proyecta el desarrollo de autos el\u00e9ctricos, su infraestructura de recarga, los desaf\u00edos y oportunidades de la industria automotriz, y el rol del sector p\u00fablico \u2013nacional, provincial y municipal- para favorecer y acompa\u00f1ar la transformaci\u00f3n.<\/p>\n<p>\u201cEstos son los temas del futuro, importantes para la humanidad y forma parte de la pol\u00edtica p\u00fablica de los pa\u00edses m\u00e1s desarrollados\u201d, asegur\u00f3 el gobernador.<\/p>\n<p>\u00abEl objetivo de la nueva ley es poner a la provincia en sinton\u00eda con los objetivos que plantea el mundo desarrollado con la sustentabilidad del ambiente\u201d, resalt\u00f3 Lifschitz.<\/p>\n<p>EL FUTURO ES ECOLOGISTA<br \/>\nPor su parte, el diputado provincial, Joaqu\u00edn Blanco -autor de la iniciativa-, coincidi\u00f3 en afirmar que \u201cel futuro es ecologista\u201d y que \u201cel actual modelo global, basado en los hidrocarburos es inviable. No hay planeta B, tenemos que discutir de qu\u00e9 manera vivimos y en qu\u00e9 ciudades queremos vivir\u201d.<\/p>\n<p>El legislador dijo adem\u00e1s que \u201cSanta Fe tiene para aportar las riquezas de su suelo y la potencialidad de la industria\u201d, y explic\u00f3 que la iniciativa tambi\u00e9n propone potenciar la creaci\u00f3n de laboratorios de innovaci\u00f3n tecnol\u00f3gicos e industriales que favorezcan la capacitaci\u00f3n de recursos humanos, el fortalecimiento de centros de investigaci\u00f3n especializados y la coordinaci\u00f3n con las universidades para que haya carreras y cursos espec\u00edficos.<\/p>\n<p>Para eso, entre otras medidas, propone incentivos a las unidades productivas radicadas en la provincia y tambi\u00e9n a los usuarios de este tipo de autom\u00f3viles.<\/p>\n<p>PRESENTES<br \/>\nDe la actividad participaron, tambi\u00e9n, la ministra de la Producci\u00f3n, Alicia Ciciliani; la secretaria de Estado de Energ\u00eda, Ver\u00f3nica Geese; el administrador general de la Direcci\u00f3n Provincial de Vialidad, Pablo Seghezzo; y el titular de la Empresa Provincia de la Energ\u00eda (EPE), Maximiliano Neri; entre otros.<\/p>\n<h6>Fuente: Uno<\/h6>\n","protected":false},"excerpt":{"rendered":"<p>Ser\u00e1 en el tramo Rosario &#8211; Santa Fe. \u00abEstos son los temas del futuro y forma parte de la pol\u00edtica p\u00fablica de los pa\u00edses m\u00e1s desarrollados\u00bb, asegur\u00f3 hoy Lifschitz.<\/p>\n","protected":false},"author":2,"featured_media":84144,"comment_status":"closed","ping_status":"closed","sticky":false,"template":"","format":"standard","meta":{"footnotes":""},"categories":[2],"tags":[10],"class_list":["post-84143","post","type-post","status-publish","format-standard","has-post-thumbnail","hentry","category-informe-municipal","tag-santa-fe"],"_links":{"self":[{"href":"http:\/\/argentinamunicipal.com.ar\/argentina\/wp-json\/wp\/v2\/posts\/84143","targetHints":{"allow":["GET"]}}],"collection":[{"href":"http:\/\/argentinamunicipal.com.ar\/argentina\/wp-json\/wp\/v2\/posts"}],"about":[{"href":"http:\/\/argentinamunicipal.com.ar\/argentina\/wp-json\/wp\/v2\/types\/post"}],"author":[{"embeddable":true,"href":"http:\/\/argentinamunicipal.com.ar\/argentina\/wp-json\/wp\/v2\/users\/2"}],"replies":[{"embeddable":true,"href":"http:\/\/argentinamunicipal.com.ar\/argentina\/wp-json\/wp\/v2\/comments?post=84143"}],"version-history":[{"count":0,"href":"http:\/\/argentinamunicipal.com.ar\/argentina\/wp-json\/wp\/v2\/posts\/84143\/revisions"}],"wp:featuredmedia":[{"embeddable":true,"href":"http:\/\/argentinamunicipal.com.ar\/argentina\/wp-json\/wp\/v2\/media\/84144"}],"wp:attachment":[{"href":"http:\/\/argentinamunicipal.com.ar\/argentina\/wp-json\/wp\/v2\/media?parent=84143"}],"wp:term":[{"taxonomy":"category","embeddable":true,"href":"http:\/\/argentinamunicipal.com.ar\/argentina\/wp-json\/wp\/v2\/categories?post=84143"},{"taxonomy":"post_tag","embeddable":true,"href":"http:\/\/argentinamunicipal.com.ar\/argentina\/wp-json\/wp\/v2\/tags?post=84143"}],"curies":[{"name":"wp","href":"https:\/\/api.w.org\/{rel}","templated":true}]}}