{"id":84168,"date":"2018-11-23T06:00:14","date_gmt":"2018-11-23T09:00:14","guid":{"rendered":"http:\/\/argentinamunicipal.com.ar\/argentina\/?p=84168"},"modified":"2018-11-22T20:17:58","modified_gmt":"2018-11-22T23:17:58","slug":"feliz-cumpleanos","status":"publish","type":"post","link":"http:\/\/argentinamunicipal.com.ar\/argentina\/feliz-cumpleanos\/","title":{"rendered":"Feliz cumplea\u00f1os"},"content":{"rendered":"<p>El hallazgo del ARA San Juan le puso freno provisorio al escenario surrealista en que parece haber ingresado la Argentina oficial en las \u00faltimas semanas, seg\u00fan los gestos, declaraciones y operetas del equipazo gobernante.<\/p>\n<p>Un terreno que tiene de todo menos, justamente, de surrealismo.<\/p>\n<p>Es consecuencia inevitable y prevista desde que los cambiemitas asumieron el poder, pero cabe reconocer que la tentaci\u00f3n de asombrarse es enorme.<\/p>\n<p>La ministra de Seguridad hab\u00eda dicho que estamos en un pa\u00eds libre donde quien quiera ir armado puede hacerlo tranquilamente. Pero adem\u00e1s, porque pareciera tratarse de provocar al asombro con suma frecuencia, acaba de recomendarles a los porte\u00f1os que durante la reuni\u00f3n del G-20 dejen la ciudad vac\u00eda y se vayan a disfrutar del fin de semana largo, porque Buenos Aires quedar\u00e1 militarizada.<\/p>\n<p>Arrecia el peligro subversivo de unos comandos anarquistas que ignoran las c\u00e1maras de vigilancia mientras tiran bombas. Cuidado: la mujer que ingres\u00f3 con el explosivo a Recoleta tiene lazos familiares kirchneristas.<\/p>\n<p>Arrestan a dos muchachos de la comunidad musulmana porque la Delegaci\u00f3n de Asociaciones Israelitas Argentinas (DAIA) denunci\u00f3 que ser\u00edan terroristas del Hezbollah, a tono con los mapuches independentistas salvajes que integraban la RAM y tambi\u00e9n reaparecidos en las \u00faltimas horas.<\/p>\n<p>Lleg\u00f3 Jack Bauer para custodiarnos contra el hallazgo de un rifle de aire comprimido y unas pistolas para cazar torcazas, regaladas por los bisabuelos.<\/p>\n<p>\u00bfEs chiste?<\/p>\n<p>Por un lado s\u00ed porque todo resulta demasiado infantil. Eso es al margen de que deba prevenirse \u2013en particular desde quienes pueden ser v\u00edctimas del aprovechamiento oficial de la \u201camenaza terrorista\u201d\u2013 el surgimiento o incremento de loquitos sueltos.<\/p>\n<p>Pero por algo ser\u00e1 que el aparato medi\u00e1tico del macrismo les dedica a esos delirios un andamiaje espectacular, incansable, con columnistas que hacen que opinan en serio justo, de paso, cuando la inflaci\u00f3n de octubre dio 5,4 por ciento, m\u00e1s del 45 en el \u00faltimo a\u00f1o y con perspectivas del 50 cuando termine \u00e9ste.<\/p>\n<p>En una de esas ya no se puede tapar el sol con la mano. O bien, o ambas cosas, las fantas\u00edas pueriles de una considerable porci\u00f3n de nosotros son m\u00e1s grandes que lo supuesto. Como fuere, avanzar en la unidad opositora requiere del \u201ccon\u201d y no del \u201ccontra\u201d.<\/p>\n<p>El jueves pasado se cumpli\u00f3 el tercer aniversario del debate entre Macri y Scioli.<\/p>\n<p>Una encuesta circulada en medios y programas mayormente opositores \u2013de los pocos que quedan, si es por influencia masiva\u2013 revel\u00f3 que alrededor de un 65 por ciento de la poblaci\u00f3n recuerda aqu\u00e9lla contienda. Y que cierta mayor\u00eda, estrecha, registra al Presidente habiendo cumplido muy pocas o ninguna de sus promesas electorales.<\/p>\n<p>Es dable considerar el relevamiento, aunque se permite la duda acerca de qu\u00e9 es exactamente lo recordado. La intuici\u00f3n, s\u00f3lo eso, dir\u00eda que permanecen las dos frases duranbarb\u00edsticas centrales. \u201c\u00bfEn qu\u00e9 te has transformado, Daniel, o en qu\u00e9 te han transformado?\u201d. Y, tal vez a la cabeza, lo de \u201cparec\u00e9s un columnista de 6,7,8\u201d.<\/p>\n<p>Probablemente se memore la estafa global de Macri pero, quiz\u00e1, no la contundencia de sus mentiras puntuales porque eso significar\u00eda tener que enojarse demasiado con uno mismo. Sobre todo en tiempos como estos. Es decir: cuando parecer\u00eda crecer la cantidad de votantes macristas \u2013no el n\u00facleo gorila duro\u2013 que se recriminan c\u00f3mo pudieron haber votado esto.<\/p>\n<p>Dijo Macri, hace tres a\u00f1os, en la Facultad de Derecho, que nunca ser\u00eda cuesti\u00f3n de ajuste. Que ese t\u00e9rmino no existir\u00eda. Que era un invento kirchnerista. Que el objetivo excluyente \u2013hoy D\u00e9ficit Cero\u2013 era Hambre Cero. Que el d\u00f3lar no estar\u00eda a m\u00e1s de 15 pesos. Que se crear\u00edan dos millones de puestos de trabajo y un mill\u00f3n de cr\u00e9ditos hipotecarios a 30 a\u00f1os. Que ning\u00fan trabajador pagar\u00eda impuesto a las ganancias. Y que este pa\u00eds no tiene problemas de d\u00f3lares porque, simplemente, produce d\u00f3lares.<\/p>\n<p>La advertencia de que un gobierno macrista producir\u00eda exactamente el reverso de sus promesas fue contra-inteligenciada con otro recurso publicitario brillante, ingenioso o efectivo: era la campa\u00f1a del miedo impulsada por los K.<\/p>\n<p>No se podr\u00eda mentir tanto. Los ricos como Macri no tienen por qu\u00e9 robar. Si dijeron que no provocar\u00edan la devaluaci\u00f3n m\u00e1s grande del mundo junto con la quita de retenciones al agronegocio (in\u00e9dito a nivel de la historia planetaria del capitalismo), as\u00ed ser\u00eda.<\/p>\n<p>Ac\u00e1 estamos.<\/p>\n<p>Hablando de historia, Nicol\u00e1s Dujovne aport\u00f3 lo suyo al se\u00f1alar que nunca se vio un ajuste semejante sin que cayera el Gobierno. No cometi\u00f3 sincericidio alguno. Esa interpretaci\u00f3n es una ingenuidad de comentaristas apurados o indignados.<\/p>\n<p>Dujovne solamente subray\u00f3 lo que dice el informe t\u00e9cnico del \u00faltimo \u201cacuerdo\u201d con el FMI: por lo menos en la primera etapa del ajuste, calculada a junio de este a\u00f1o en adelante, la reacci\u00f3n social habr\u00eda de ser menor a la esperada.<\/p>\n<p>Algo de eso se simboliz\u00f3 en la C\u00e1mara alta cuando, en la madrugada del jueves, el Presupuesto 2019 dictado por el Fondo pas\u00f3 como por un tubo.<\/p>\n<p>No hubo senador, Miguel \u00c1ngel Pichetto incluido o arriba del podio, que no dijera o sugiriera que votaba esa infamia tap\u00e1ndose la nariz.<\/p>\n<p>El \u00fanico antecedente parlamentario que se recuerda de semejante conciencia culposa es la sanci\u00f3n de la Obediencia Debida para domesticar los levantamientos carapintada, en junio de 1987. Entonces y sin embargo, hab\u00eda la excusa c\u00ednica o gravemente discutible de custodiar la democracia. Hoy no.<\/p>\n<p>Ahora apenas se trat\u00f3 de dibujar que Argentina requiere confianza externa, para que de una vez por todas lleguen las inversiones, cuando s\u00f3lo hay de por medio unas transas de fondos con gobernadores c\u00f3mplices del desfalco nacional. Y con sus senadores, y antes sus diputados, ideol\u00f3gicamente afectos a la reedici\u00f3n de la Banelco de abril de 2000.<\/p>\n<p>Es comprensible (digamos) que los mandatarios provinciales hayan priorizado salvar su rancho obteniendo concesiones varias: aportes extra a las cajas jubilatorias distritales; dinero compensatorio por la quita de subsidios al transporte p\u00fablico; retribuciones por la p\u00e9rdida del fondo sojero; plata para obra p\u00fablica ya comprometida.<\/p>\n<p>La l\u00ednea bajada por ese club de los gobernadores hacia sus legisladores sensibles dio resultado. Pero claro que se impone la pregunta acerca de si entraron y prosiguen en la actividad pol\u00edtica para, apenas, vegetar como administradores y votadores del ajuste.<\/p>\n<p>No parecer\u00eda que ese camino macrista est\u00e9 libre de obst\u00e1culos muy complicados.<\/p>\n<p>El bloque del denominado \u201cperonismo racional\u201d va parti\u00e9ndose. Sus referentes no tienen votos, ni prestigio, ni carisma.<\/p>\n<p>Pichetto es una estrella de operaci\u00f3n medi\u00e1tica sin el m\u00e1s m\u00ednimo encanto personal. El salte\u00f1o Urtubey brinda t\u00edmidos signos de querer despegarse, pero no encuentra la forma. Y otras figuritas de alcance aldeano comienzan a preguntarse si es negocio insistir con que Cristina es el demonio personificado.<\/p>\n<p>Aun con todas las prevenciones citadas en este y otros tantos espacios, respecto de que la unificaci\u00f3n debe tender a la unidad porque el panorama de vencimientos de la deuda externa a caer despu\u00e9s de 2019 es terror\u00edfico, hay esa movida de que se junten todos contra la prosecuci\u00f3n de esta pesadilla. Una tendencia que no es cada d\u00eda m\u00e1s r\u00e1pida, pero s\u00ed menos displicente.<\/p>\n<p>Los escribas y comunicadores de los grandes medios tradicionales est\u00e1n nerviosos. Pasa lo mismo con consultores del establishment que se interrogan si acaso ser\u00e1 posible el retorno del \u201cpopulismo\u201d. En general, responden que s\u00ed.<\/p>\n<p>De autocr\u00edtica, cero. Arguyen que el problema es la ineficiencia del equipo macrista y no el modelo que deja afuera al grueso de los argentinos.<\/p>\n<p>T\u00edpico de la derecha, que la autocr\u00edtica se la hagan la izquierda y los dem\u00e1s que no entienden a \u00e9ste como el \u00fanico camino.<\/p>\n<p>Por\u00a0Eduardo Aliverti<\/p>\n<h6>Fuente: P\u00e1gina 12<\/h6>\n","protected":false},"excerpt":{"rendered":"<p>El hallazgo del ARA San Juan le puso freno provisorio al escenario surrealista en que parece haber ingresado la Argentina oficial en las \u00faltimas semanas, seg\u00fan los gestos, declaraciones y operetas del equipazo gobernante.<\/p>\n","protected":false},"author":2,"featured_media":84169,"comment_status":"closed","ping_status":"closed","sticky":false,"template":"","format":"standard","meta":{"footnotes":""},"categories":[6],"tags":[21],"class_list":["post-84168","post","type-post","status-publish","format-standard","has-post-thumbnail","hentry","category-opiniones","tag-argentina"],"_links":{"self":[{"href":"http:\/\/argentinamunicipal.com.ar\/argentina\/wp-json\/wp\/v2\/posts\/84168","targetHints":{"allow":["GET"]}}],"collection":[{"href":"http:\/\/argentinamunicipal.com.ar\/argentina\/wp-json\/wp\/v2\/posts"}],"about":[{"href":"http:\/\/argentinamunicipal.com.ar\/argentina\/wp-json\/wp\/v2\/types\/post"}],"author":[{"embeddable":true,"href":"http:\/\/argentinamunicipal.com.ar\/argentina\/wp-json\/wp\/v2\/users\/2"}],"replies":[{"embeddable":true,"href":"http:\/\/argentinamunicipal.com.ar\/argentina\/wp-json\/wp\/v2\/comments?post=84168"}],"version-history":[{"count":0,"href":"http:\/\/argentinamunicipal.com.ar\/argentina\/wp-json\/wp\/v2\/posts\/84168\/revisions"}],"wp:featuredmedia":[{"embeddable":true,"href":"http:\/\/argentinamunicipal.com.ar\/argentina\/wp-json\/wp\/v2\/media\/84169"}],"wp:attachment":[{"href":"http:\/\/argentinamunicipal.com.ar\/argentina\/wp-json\/wp\/v2\/media?parent=84168"}],"wp:term":[{"taxonomy":"category","embeddable":true,"href":"http:\/\/argentinamunicipal.com.ar\/argentina\/wp-json\/wp\/v2\/categories?post=84168"},{"taxonomy":"post_tag","embeddable":true,"href":"http:\/\/argentinamunicipal.com.ar\/argentina\/wp-json\/wp\/v2\/tags?post=84168"}],"curies":[{"name":"wp","href":"https:\/\/api.w.org\/{rel}","templated":true}]}}