{"id":84177,"date":"2018-11-23T06:31:07","date_gmt":"2018-11-23T09:31:07","guid":{"rendered":"http:\/\/argentinamunicipal.com.ar\/argentina\/?p=84177"},"modified":"2018-11-22T20:32:43","modified_gmt":"2018-11-22T23:32:43","slug":"el-40-de-los-jovenes-no-termina-el-secundario","status":"publish","type":"post","link":"http:\/\/argentinamunicipal.com.ar\/argentina\/el-40-de-los-jovenes-no-termina-el-secundario\/","title":{"rendered":"El 40% de los j\u00f3venes no termina el secundario"},"content":{"rendered":"<p>El dato fue dado a conocer por la Universidad Cat\u00f3lica Argentina y la Fundaci\u00f3n Instituto Superior de Ciencias de la Salud.<\/p>\n<p>El 40% de los j\u00f3venes entre 18 y 29 a\u00f1os no termina el secundario. El dato surge del informe \u00abJuventudes desiguales: oportunidades de integraci\u00f3n\u00bb, elaborado por la UCA y la Fundaci\u00f3n Instituto Superior de Ciencias de la Salud.<\/p>\n<p>Si bien la cifra de por s\u00ed es alarmante, no es m\u00e1s que la superficie. El hecho de que cuatro de cada diez j\u00f3venes no terminen su educaci\u00f3n b\u00e1sica (y s\u00f3lo uno de esos cuatro vuelva al colegio) repercute en la esfera laboral, de la salud, del desarrollo psicosocial y, sobre todo, acent\u00faa las diferencias entre las distintas clases.<\/p>\n<p>De los j\u00f3venes argentinos (8,4 millones de personas, un quinto del pa\u00eds), el 18,1% est\u00e1 desocupado, aunque buscando trabajo, y el 60,3% tiene empleo.<\/p>\n<p>Sin embargo, la calidad de ese empleo var\u00eda notablemente conforme a la educaci\u00f3n que esa persona recibi\u00f3 en su ni\u00f1ez y adolescencia: el 52,5% de los que completaron el secundario o siguieron estudiando tienen un empleo pleno y de calidad.<\/p>\n<p>En tanto, el 81% de los j\u00f3venes que no termin\u00f3 el colegio tiene un empleo precario o un subempleo inestable.<\/p>\n<p>Es decir que el chico que no accedi\u00f3 a la educaci\u00f3n dif\u00edcilmente pueda revertir esa situaci\u00f3n en la adultez. Incluso, el nivel educativo condiciona fuertemente el ingreso. Los j\u00f3venes que tienen el secundario completo o m\u00e1s ganan el doble que aquellos que no egresaron.<\/p>\n<p>Un dato: la mitad de los chicos que viene de hogares en donde hay personas que necesitan muchos cuidados (ni\u00f1os peque\u00f1os, ancianos) no termina el secundario. Es decir que los requerimientos espec\u00edficos de ese hogar lo condicionan para no seguir estudiando.<\/p>\n<p>Estos d\u00e9ficits tambi\u00e9n se trasladan a la esfera de la salud.<\/p>\n<p>Seg\u00fan el informe, el 45,5% de los j\u00f3venes entre 18 y 29 a\u00f1os no tiene cobertura de salud. Al mirar detenidamente c\u00f3mo se distribuye este promedio se ve que el 75,5% de los trabajadores m\u00e1s pobres s\u00f3lo accede al sistema p\u00fablico al igual que el 69% de los que no terminaron la secundaria.<\/p>\n<p>Un dato preocupante es que el 50,8% de los j\u00f3venes no visit\u00f3 al m\u00e9dico en el \u00faltimo a\u00f1o. Esa cifra se eleva al 59,8% en el caso de los trabajadores m\u00e1s pobres.<\/p>\n<p>Adem\u00e1s de los factores concretos hay ciertos factores intangibles que dan cuenta de la vulneraci\u00f3n de derechos que ocurre en desigualdad de condiciones.<\/p>\n<p>El informe revela que el 14,9% de los j\u00f3venes de hasta 29 a\u00f1os sufre malestar psicol\u00f3gico pero esta cifra sube hasta 22,9% en el caso de los trabajadores pobres.<\/p>\n<h6>Fuente: Uno<\/h6>\n","protected":false},"excerpt":{"rendered":"<p>El dato fue dado a conocer por la Universidad Cat\u00f3lica Argentina y la Fundaci\u00f3n Instituto Superior de Ciencias de la Salud.<\/p>\n","protected":false},"author":2,"featured_media":84178,"comment_status":"closed","ping_status":"closed","sticky":false,"template":"","format":"standard","meta":{"footnotes":""},"categories":[8],"tags":[21],"class_list":["post-84177","post","type-post","status-publish","format-standard","has-post-thumbnail","hentry","category-informe-nacional","tag-argentina"],"_links":{"self":[{"href":"http:\/\/argentinamunicipal.com.ar\/argentina\/wp-json\/wp\/v2\/posts\/84177","targetHints":{"allow":["GET"]}}],"collection":[{"href":"http:\/\/argentinamunicipal.com.ar\/argentina\/wp-json\/wp\/v2\/posts"}],"about":[{"href":"http:\/\/argentinamunicipal.com.ar\/argentina\/wp-json\/wp\/v2\/types\/post"}],"author":[{"embeddable":true,"href":"http:\/\/argentinamunicipal.com.ar\/argentina\/wp-json\/wp\/v2\/users\/2"}],"replies":[{"embeddable":true,"href":"http:\/\/argentinamunicipal.com.ar\/argentina\/wp-json\/wp\/v2\/comments?post=84177"}],"version-history":[{"count":0,"href":"http:\/\/argentinamunicipal.com.ar\/argentina\/wp-json\/wp\/v2\/posts\/84177\/revisions"}],"wp:featuredmedia":[{"embeddable":true,"href":"http:\/\/argentinamunicipal.com.ar\/argentina\/wp-json\/wp\/v2\/media\/84178"}],"wp:attachment":[{"href":"http:\/\/argentinamunicipal.com.ar\/argentina\/wp-json\/wp\/v2\/media?parent=84177"}],"wp:term":[{"taxonomy":"category","embeddable":true,"href":"http:\/\/argentinamunicipal.com.ar\/argentina\/wp-json\/wp\/v2\/categories?post=84177"},{"taxonomy":"post_tag","embeddable":true,"href":"http:\/\/argentinamunicipal.com.ar\/argentina\/wp-json\/wp\/v2\/tags?post=84177"}],"curies":[{"name":"wp","href":"https:\/\/api.w.org\/{rel}","templated":true}]}}