{"id":84252,"date":"2018-11-26T06:17:38","date_gmt":"2018-11-26T09:17:38","guid":{"rendered":"http:\/\/argentinamunicipal.com.ar\/argentina\/?p=84252"},"modified":"2018-11-26T07:19:18","modified_gmt":"2018-11-26T10:19:18","slug":"otra-recesion-macrista","status":"publish","type":"post","link":"http:\/\/argentinamunicipal.com.ar\/argentina\/otra-recesion-macrista\/","title":{"rendered":"Otra recesi\u00f3n macrista"},"content":{"rendered":"<p>En apenas casi tres a\u00f1os de gobierno, la Alianza Cambiemos registra dos recesiones. La actividad retrocedi\u00f3 5,8 por ciento en septiembre interanual. Comercio y construcci\u00f3n, para abajo.<\/p>\n<p>La actividad econ\u00f3mica cay\u00f3 en septiembre un 5,8 por ciento frente al mismo per\u00edodo del a\u00f1o pasado, inform\u00f3 ayer el Indec. Es la segunda peor baja de la gesti\u00f3n Cambiemos, despu\u00e9s de julio pasado y de all\u00ed en m\u00e1s es necesario remontarse hasta el estallido de la crisis internacional, a comienzos de 2009, para encontrar un deterioro superior. El saldo es un nuevo trimestre negativo, acumulando dos seguidos, lo que t\u00e9cnicamente se define como recesi\u00f3n. El retroceso econ\u00f3mico a nivel sectorial estuvo protagonizado por la industria manufacturera, que cay\u00f3 un 11,5 por ciento. Tambi\u00e9n hubo bajas de los sectores de la construcci\u00f3n, comercio y agropecuario, entre otros. En nueve meses, la ca\u00edda de la actividad econ\u00f3mica es del 1,5 por ciento y el FMI estima que llegue a -2,6.<\/p>\n<p>Si la ca\u00edda r\u00e9cord de la econom\u00eda del 6,7 por ciento en julio tuvo adem\u00e1s de la crisis cambiaria un componente asociado a la sequ\u00eda del campo, la baja del 5,8 por ciento de septiembre informada ayer por el Indec es netamente un factor de la crisis macroecon\u00f3mica. El primer sector afectado fue el comercio minorista, mayorista y reparaciones, que mostr\u00f3 un derrumbe del 12,8 por ciento interanual. Este dato est\u00e1 en l\u00ednea con otros indicadores sectoriales. El informe de ventas en comercios pymes que elabora la Came registr\u00f3 una ca\u00edda del 9,2 por ciento en septiembre, con descensos todav\u00eda superiores en electrodom\u00e9sticos, jugueter\u00eda y librer\u00edas, muebles, textiles y relojer\u00edas. \u201cSe nota cada vez m\u00e1s la merma del poder adquisitivo del p\u00fablico. Las ventas se dan en los primeros siete d\u00edas posteriores al cobro del sueldo y se extienden por cinco d\u00edas m\u00e1s con el uso de tarjeta. El resto del mes muchos comercios cierran la jornada sin movimiento de caja\u201d, dijo Antonio Fabi\u00e1n Hryniewicz, de la C\u00e1mara de Peque\u00f1as y Medianas Empresas de Formosa. Entre los bienes de consumo b\u00e1sico en supermercados, la ca\u00edda de las ventas fue del 4 por ciento interanual.<\/p>\n<p>El fuerte retroceso de las ventas, que viene con algunas pocas interrupciones desde 2016 y que se profundiz\u00f3 desde mayo, gener\u00f3 un fuerte impacto negativo en la producci\u00f3n manufacturera. En septiembre, la ca\u00edda de la industria fue del 10,8 por ciento. En el desagregado de los sectores, el textil comput\u00f3 una p\u00e9rdida del 24,6 por ciento interanual; edici\u00f3n e impresi\u00f3n baj\u00f3 un 21,6 por ciento, al tiempo que la industria del tabaco cay\u00f3 un 15,8, papel y cart\u00f3n baj\u00f3 8 por ciento, y refinaci\u00f3n del petr\u00f3leo, el 11 por ciento. El sector de alimentos anot\u00f3 un retroceso del 3,2 y caucho y pl\u00e1sticos, un 20,4 por ciento. En neum\u00e1ticos la baja alcanz\u00f3 un 16,3 por ciento y en manufacturas de pl\u00e1stico, 21,3. La fabricaci\u00f3n de autos cay\u00f3 un 15,7 por ciento; la metalmec\u00e1nica, un 20,5 por ciento y sustancias qu\u00edmicas, un 4,7 por ciento. El \u00fanico sector que en septiembre logr\u00f3 una mejor es la siderurgia, pero el dato de octubre muestra que la producci\u00f3n de acero y hierro tambi\u00e9n ingres\u00f3 al terreno negativo.<\/p>\n<p>Los n\u00fameros del Indec marcan que en septiembre la industria manufacturera se ubic\u00f3 un 14,3 por ciento por debajo del mismo mes de 2015. En el caso del comercio, la comparaci\u00f3n con 2015 arroja una ca\u00edda del 15,3 por ciento. El sector de la construcci\u00f3n tambi\u00e9n est\u00e1 en negativo frente a 2015, en un 5 por ciento. En tanto, en la comparaci\u00f3n interanual la construcci\u00f3n mostr\u00f3 en septiembre una baja del 2,9 por ciento. La venta de insumos para la construcci\u00f3n marc\u00f3 un retroceso de hasta casi 14 por ciento.<\/p>\n<p>A contramano de las ca\u00eddas del orden del 30 por ciento de mediados de a\u00f1o, el sector agropecuario anot\u00f3 una mejora del 2,2 por ciento en septiembre frente al mismo per\u00edodo del a\u00f1o pasado, mientras que la pesca subi\u00f3 2,8. Otro sector que oper\u00f3 en positivo es intermediaci\u00f3n financiera, con un alza del 2,7 por ciento. El nivel de actividad de los bancos muestra una mejora del 4,7 por ciento frente a septiembre de 2015.<\/p>\n<h6>Fuente: P\u00e1gina 12<\/h6>\n","protected":false},"excerpt":{"rendered":"<p>En apenas casi tres a\u00f1os de gobierno, la Alianza Cambiemos registra dos recesiones. La actividad retrocedi\u00f3 5,8 por ciento en septiembre interanual. Comercio y construcci\u00f3n, para abajo.<\/p>\n","protected":false},"author":2,"featured_media":84253,"comment_status":"closed","ping_status":"closed","sticky":false,"template":"","format":"standard","meta":{"footnotes":""},"categories":[8],"tags":[21],"class_list":["post-84252","post","type-post","status-publish","format-standard","has-post-thumbnail","hentry","category-informe-nacional","tag-argentina"],"_links":{"self":[{"href":"http:\/\/argentinamunicipal.com.ar\/argentina\/wp-json\/wp\/v2\/posts\/84252","targetHints":{"allow":["GET"]}}],"collection":[{"href":"http:\/\/argentinamunicipal.com.ar\/argentina\/wp-json\/wp\/v2\/posts"}],"about":[{"href":"http:\/\/argentinamunicipal.com.ar\/argentina\/wp-json\/wp\/v2\/types\/post"}],"author":[{"embeddable":true,"href":"http:\/\/argentinamunicipal.com.ar\/argentina\/wp-json\/wp\/v2\/users\/2"}],"replies":[{"embeddable":true,"href":"http:\/\/argentinamunicipal.com.ar\/argentina\/wp-json\/wp\/v2\/comments?post=84252"}],"version-history":[{"count":0,"href":"http:\/\/argentinamunicipal.com.ar\/argentina\/wp-json\/wp\/v2\/posts\/84252\/revisions"}],"wp:featuredmedia":[{"embeddable":true,"href":"http:\/\/argentinamunicipal.com.ar\/argentina\/wp-json\/wp\/v2\/media\/84253"}],"wp:attachment":[{"href":"http:\/\/argentinamunicipal.com.ar\/argentina\/wp-json\/wp\/v2\/media?parent=84252"}],"wp:term":[{"taxonomy":"category","embeddable":true,"href":"http:\/\/argentinamunicipal.com.ar\/argentina\/wp-json\/wp\/v2\/categories?post=84252"},{"taxonomy":"post_tag","embeddable":true,"href":"http:\/\/argentinamunicipal.com.ar\/argentina\/wp-json\/wp\/v2\/tags?post=84252"}],"curies":[{"name":"wp","href":"https:\/\/api.w.org\/{rel}","templated":true}]}}