{"id":84294,"date":"2018-11-26T05:08:06","date_gmt":"2018-11-26T08:08:06","guid":{"rendered":"http:\/\/argentinamunicipal.com.ar\/argentina\/?p=84294"},"modified":"2018-11-26T08:09:34","modified_gmt":"2018-11-26T11:09:34","slug":"sigue-cayendo-la-imagen-de-macri-siete-de-cada-diez-argentinos-desaprueban-su-gestion","status":"publish","type":"post","link":"http:\/\/argentinamunicipal.com.ar\/argentina\/sigue-cayendo-la-imagen-de-macri-siete-de-cada-diez-argentinos-desaprueban-su-gestion\/","title":{"rendered":"Sigue cayendo la imagen de Macri: siete de cada diez argentinos desaprueban su gesti\u00f3n"},"content":{"rendered":"<p>El trabajo lo realiz\u00f3 la consultora tendencias con 7189 casos en todo el pa\u00eds. Los n\u00fameros del presidente empeoran sistem\u00e1ticamente desde marzo. Tambi\u00e9n cayeron las perspectivas sobre el futuro<\/p>\n<p>Contin\u00faa la sangr\u00eda de la imagen del Gobierno nacional. Seg\u00fan la \u00faltima encuesta de Tendencias, ya son siete de cada diez argentinos lo que desaprueban la gesti\u00f3n de Mauricio Macri. Adem\u00e1s, siguen aumentando los que consideran que es \u201cmuy mala\u201d.<\/p>\n<p>En concreto,\u00a0el 69.8% de los encuestados eval\u00faan como negativa al administraci\u00f3n macrista. Seg\u00fan los datos de esta misma consultora, desde marzo la ca\u00edda ha sido de 10% y en ning\u00fan se ha notado una recuperaci\u00f3n.<\/p>\n<p>Entre los que cuestionan a la Casa Rosada,\u00a0el segmento que m\u00e1s ha crecido fue el que considera el desempe\u00f1o del Presidente como \u201cmuy malo\u201d. En marzo, representaba el 34% y ahora, el 45,6%.<\/p>\n<p>Tambi\u00e9n siguen cayendo las perspectivas sobre el futuro. En marzo,\u00a0quienes ten\u00edan un mirada negativa eran el 39,1% y ahora, el 46.5%. Estas cifras, puntualmente, son las que m\u00e1s preocupan al macrismo porque su apuesta es sostener el sacrificio econ\u00f3mico actual tendr\u00e1 su redito m\u00e1s adelante.<\/p>\n<p>El mismo panorama aparece similar cuando se mide, directamente, la imagen de Macri como dirigente. En este caso,\u00a0la \u201cnegativa\u201d se ubica en el 52,9% y la \u201cpositiva\u201d, en un magro 26,7%. El derrumbe tambi\u00e9n es de 10% con respecto a marzo. La intenci\u00f3n de voto es de 26,3% y un 52% \u201cnunca lo votar\u00eda\u201d.<\/p>\n<p>Sobre las problem\u00e1ticas actuales, cuando se pregunta sobre la responsabilidad de la\u00a0crisis econ\u00f3mica que atraviesa el pa\u00eds, el 55.7% opina que es responsabilidad del gobierno. Adem\u00e1s, el 34% opin\u00f3 que hay que actuar ahora para frenar el ajuste.<\/p>\n<p>El sondeo se realiz\u00f3 entre el 30 y 31 de octubre con 7189 casos efectivos en todo el pa\u00eds, El error muestral es de +\/\u00ad- 1,1%. Fueron encuestados personas con m\u00e1s de 16 a\u00f1os que van a votar la semana que viene.<\/p>\n<h6>Fuente: InfoCielo<\/h6>\n","protected":false},"excerpt":{"rendered":"<p>El trabajo lo realiz\u00f3 la consultora tendencias con 7189 casos en todo el pa\u00eds. Los n\u00fameros del presidente empeoran sistem\u00e1ticamente desde marzo. Tambi\u00e9n cayeron las perspectivas sobre el futuro<\/p>\n","protected":false},"author":2,"featured_media":84295,"comment_status":"closed","ping_status":"closed","sticky":false,"template":"","format":"standard","meta":{"footnotes":""},"categories":[8],"tags":[21],"class_list":["post-84294","post","type-post","status-publish","format-standard","has-post-thumbnail","hentry","category-informe-nacional","tag-argentina"],"_links":{"self":[{"href":"http:\/\/argentinamunicipal.com.ar\/argentina\/wp-json\/wp\/v2\/posts\/84294","targetHints":{"allow":["GET"]}}],"collection":[{"href":"http:\/\/argentinamunicipal.com.ar\/argentina\/wp-json\/wp\/v2\/posts"}],"about":[{"href":"http:\/\/argentinamunicipal.com.ar\/argentina\/wp-json\/wp\/v2\/types\/post"}],"author":[{"embeddable":true,"href":"http:\/\/argentinamunicipal.com.ar\/argentina\/wp-json\/wp\/v2\/users\/2"}],"replies":[{"embeddable":true,"href":"http:\/\/argentinamunicipal.com.ar\/argentina\/wp-json\/wp\/v2\/comments?post=84294"}],"version-history":[{"count":0,"href":"http:\/\/argentinamunicipal.com.ar\/argentina\/wp-json\/wp\/v2\/posts\/84294\/revisions"}],"wp:featuredmedia":[{"embeddable":true,"href":"http:\/\/argentinamunicipal.com.ar\/argentina\/wp-json\/wp\/v2\/media\/84295"}],"wp:attachment":[{"href":"http:\/\/argentinamunicipal.com.ar\/argentina\/wp-json\/wp\/v2\/media?parent=84294"}],"wp:term":[{"taxonomy":"category","embeddable":true,"href":"http:\/\/argentinamunicipal.com.ar\/argentina\/wp-json\/wp\/v2\/categories?post=84294"},{"taxonomy":"post_tag","embeddable":true,"href":"http:\/\/argentinamunicipal.com.ar\/argentina\/wp-json\/wp\/v2\/tags?post=84294"}],"curies":[{"name":"wp","href":"https:\/\/api.w.org\/{rel}","templated":true}]}}