{"id":84307,"date":"2018-11-27T05:15:24","date_gmt":"2018-11-27T08:15:24","guid":{"rendered":"http:\/\/argentinamunicipal.com.ar\/argentina\/?p=84307"},"modified":"2018-11-26T19:32:00","modified_gmt":"2018-11-26T22:32:00","slug":"no-aclares-que-oscurece-el-gobierno-remarco-que-la-seguridad-del-g20-esta-asegurada","status":"publish","type":"post","link":"http:\/\/argentinamunicipal.com.ar\/argentina\/no-aclares-que-oscurece-el-gobierno-remarco-que-la-seguridad-del-g20-esta-asegurada\/","title":{"rendered":"No aclares que oscurece: el Gobierno remarc\u00f3 que la seguridad del G20 est\u00e1 asegurada"},"content":{"rendered":"<p>Patricia Bullrich dijo que \u00abvamos a hacer todo lo necesario para que sea un momento en el que podamos mostrar al mundo que estamos en condiciones\u00bb.<\/p>\n<p>El Gobierno busc\u00f3 despegar las fallas en el operativo de seguridad en el Supercl\u00e1sico de la organizaci\u00f3n de la Cumbre de L\u00edderes del G20 que se realizar\u00e1 en la Ciudad de Buenos Aires.<\/p>\n<p>\u00abHay mucho por hacer, estamos trabajando para lo que viene y que es muy importante para todos los argentinos, nunca en la historia hubo una cumbre de l\u00edderes como esta, que es una muestra de apoyo a la Argentina\u00bb, sostuvo el presidente Mauricio Macri.<\/p>\n<p>La ministra de Seguridad, Patricia Bullrich, remarc\u00f3 que en la Cumbre de L\u00edderes del G20\u00a0\u00abvamos a hacer todo lo necesario para que sea un momento en el que podamos mostrar al mundo que estamos en condiciones\u00bb, aunque est\u00e1 claro que cada una de las\u00a0superpotencias mundiales no le conf\u00edan la seguridad de los mencionados l\u00edderes a la ministra, sino que traen sus propios \u00abej\u00e9rcitos\u00bb personales.<\/p>\n<p>\u00abEstamos abordado todos los detalle para el G20, es un momento muy importante y vamos a hacer todo lo que est\u00e9 a nuestro alcance para que sea un momento en que podamos demostrar lo que es Argentina\u00bb, dijo.<\/p>\n<p>El jefe de Gabinete, Marcos Pe\u00f1a, dijo que la organizaci\u00f3n del G20 \u00abse trabaja para que las protestas sean en paz\u00bb.<\/p>\n<p>En el operativo de seguridad que coordina Bullrich se desplegar\u00e1n\u00a022 mil efectivos de fuerzas federales, aunque habr\u00e1, adem\u00e1s, personal de la Polic\u00eda de la Ciudad y de la Polic\u00eda Bonaerense, y en paralelo actuar\u00e1n los custodios que traer\u00e1 cada comitiva extranjera.<\/p>\n<h6>Fuente: InfoNews<\/h6>\n","protected":false},"excerpt":{"rendered":"<p>Patricia Bullrich dijo que \u00abvamos a hacer todo lo necesario para que sea un momento en el que podamos mostrar al mundo que estamos en condiciones\u00bb.<\/p>\n","protected":false},"author":2,"featured_media":84308,"comment_status":"closed","ping_status":"closed","sticky":false,"template":"","format":"standard","meta":{"footnotes":""},"categories":[8],"tags":[21],"class_list":["post-84307","post","type-post","status-publish","format-standard","has-post-thumbnail","hentry","category-informe-nacional","tag-argentina"],"_links":{"self":[{"href":"http:\/\/argentinamunicipal.com.ar\/argentina\/wp-json\/wp\/v2\/posts\/84307","targetHints":{"allow":["GET"]}}],"collection":[{"href":"http:\/\/argentinamunicipal.com.ar\/argentina\/wp-json\/wp\/v2\/posts"}],"about":[{"href":"http:\/\/argentinamunicipal.com.ar\/argentina\/wp-json\/wp\/v2\/types\/post"}],"author":[{"embeddable":true,"href":"http:\/\/argentinamunicipal.com.ar\/argentina\/wp-json\/wp\/v2\/users\/2"}],"replies":[{"embeddable":true,"href":"http:\/\/argentinamunicipal.com.ar\/argentina\/wp-json\/wp\/v2\/comments?post=84307"}],"version-history":[{"count":0,"href":"http:\/\/argentinamunicipal.com.ar\/argentina\/wp-json\/wp\/v2\/posts\/84307\/revisions"}],"wp:featuredmedia":[{"embeddable":true,"href":"http:\/\/argentinamunicipal.com.ar\/argentina\/wp-json\/wp\/v2\/media\/84308"}],"wp:attachment":[{"href":"http:\/\/argentinamunicipal.com.ar\/argentina\/wp-json\/wp\/v2\/media?parent=84307"}],"wp:term":[{"taxonomy":"category","embeddable":true,"href":"http:\/\/argentinamunicipal.com.ar\/argentina\/wp-json\/wp\/v2\/categories?post=84307"},{"taxonomy":"post_tag","embeddable":true,"href":"http:\/\/argentinamunicipal.com.ar\/argentina\/wp-json\/wp\/v2\/tags?post=84307"}],"curies":[{"name":"wp","href":"https:\/\/api.w.org\/{rel}","templated":true}]}}