{"id":84314,"date":"2018-11-27T05:37:52","date_gmt":"2018-11-27T08:37:52","guid":{"rendered":"http:\/\/argentinamunicipal.com.ar\/argentina\/?p=84314"},"modified":"2018-11-26T19:39:28","modified_gmt":"2018-11-26T22:39:28","slug":"la-culpa-es-de-larreta-los-barrabravas-y-la-justicia","status":"publish","type":"post","link":"http:\/\/argentinamunicipal.com.ar\/argentina\/la-culpa-es-de-larreta-los-barrabravas-y-la-justicia\/","title":{"rendered":"La culpa es de Larreta, los barrabravas y la Justicia"},"content":{"rendered":"<p>En su af\u00e1n de despegar a la seguridad nacional en la previa del G-20, Macri se sum\u00f3 al libreto oficial de responsabilizar a los funcionarios porte\u00f1os por las fallas del operativo. Junto a Patricia Bullrich y Germ\u00e1n Garavano, cuestion\u00f3 a la Justicia por liberar a los detenidos y aval\u00f3 la mano dura. \u201cSi no apoyamos a las fuerzas de seguridad cuando act\u00faan despu\u00e9s no nos quejemos\u201d, sostuvo.<\/p>\n<p>El presidente Mauricio Macri se desentendi\u00f3 por completo de las fallas de seguridad que permitieron el ataque al micro de Boca en la previa de la Superfinal de la Copa Libertadores. Ya con el terreno preparado por los funcionarios del Gobierno de la Ciudad, asegur\u00f3 que el jefe de Gobierno Horacio Rodr\u00edguez Larreta es \u201cresponsable\u201d de la seguridad en la Capital Federal. \u201cVamos a ir a fondo contra todos los violentos que se nos pongan en frente\u201d, amenaz\u00f3 y prometi\u00f3\u00a0encontrar a los responsables. Adelant\u00f3 que el oficialismo espera tratar una ley \u00abcontra los barrabravas\u00bb este a\u00f1o que tipifica como delitos penales las acciones violentas ocurridas en los estadios. Tambi\u00e9n\u00a0confirm\u00f3 la convocatoria a las\u00a0sesiones extraordinarias en la C\u00e1mara de Diputados.<\/p>\n<p>Tras calificar de \u00abtriste\u00bb y \u00abfrustrante\u00bb lo ocurrido, el jefe de Estado se quej\u00f3 por la liberaci\u00f3n de las 30 personas que hab\u00edan sido detenidas por los incidentes del s\u00e1bado. Macri dijo que no \u00abentiende\u00bb por qu\u00e9 se tom\u00f3 esa decisi\u00f3n, en un cruce al Ministerio P\u00fablico Fiscal que ayer decidi\u00f3 excarcelarlos luego de las indagatorias. En su af\u00e1n de encontrar un culpable por fuera de las fuerzas de seguridad nacionales, apunt\u00f3 con dureza contra \u00abuna parte de la dirigencia que apa\u00f1a\u00bb actitudes violentas e incluy\u00f3 en su acusaci\u00f3n a ciertos \u201csectores de la Justicia\u201d. No entiendo en nombre de todos los argentinos, no entiendo\u00bb, enfatiz\u00f3\u00a0Macri, al cuestionar la resoluci\u00f3n de la fiscal Adriana Bellavigna.<\/p>\n<p>El Presidente aprovech\u00f3 la conferencia de prensa para mostrarse preocupado por el tema y adelant\u00f3 que en la pr\u00f3xima sesi\u00f3n extraordinaria en el Congreso se tratar\u00e1 un proyecto de ley en contra de los barrabravas. Explic\u00f3 que el Gobierno desea debatirlo ahora \u201cpara ayudar a que ning\u00fan fiscal ni juez se equivoque cuando tipifica un delito y podamos actuar con mayor claridad y contundencia, apoyando a nuestras fuerzas de seguridad cuando act\u00faan\u201d. \u201cSi no apoyamos a las fuerzas de seguridad cuando act\u00faan despu\u00e9s no nos quejemos si pasan estas cosas\u201d, insisti\u00f3 al sacar a relucir la doctrina de seguridad que caracteriza su paso por el Ejecutivo.<\/p>\n<p>En su ataque contra la Justicia, se quej\u00f3 puntualmente del juez que liber\u00f3 a \u201cuno de los jefes de la barra de River\u201d, en referencia a H\u00e9ctor Godoy, a quien le hab\u00edan encontrado \u201cmillones de pesos y 300 entradas que termina siendo comprobadas que eran reales\u201d. \u201c\u00bfC\u00f3mo va a tipificar el tema como contravenci\u00f3n y va a soltar a este se\u00f1or?\u201d, pregunt\u00f3 Macri, que destac\u00f3 que \u201cnecesitamos que jueces y fiscales y cada uno de nosotros trabajemos en conjunto para terminar con la violencia\u201d.<\/p>\n<p>A pesar de que carg\u00f3 toda la responsabilidad en los hombros de Larreta, luego se\u00f1al\u00f3 que \u00abel jefe de Gobierno, como responsable, est\u00e1 estudiando y viendo c\u00f3mo perfeccionar\u00bb el operativo \u00abpara el d\u00eda que se organice el partido\u00bb.\u00a0\u00abM\u00e1s all\u00e1 de los operativos policiales yo no puedo resignarme como Presidente representante de\u00a0la inmensa mayor\u00eda de argentinos que somos pac\u00edficos, que para organizar un espect\u00e1culo deportivo haya que militarizar toda la zona, toda la ciudad, no es lo razonable\u00bb, subray\u00f3 en la antesala del\u00a0G-20 donde\u00a0estar\u00e1 blindada\u00a0toda la ciudad de Buenos Aires.<\/p>\n<p>La ministra de Seguridad Patricia Bullrich, quien lo acompa\u00f1\u00f3 durante la conferencia, tambi\u00e9n se deslig\u00f3 de los incidentes y se quej\u00f3 de que los dirigentes pusieran el foco sobre las fallas en el operativo de seguridad, reforzando la idea de que los responsables fueron s\u00f3lo los atacantes del micro. \u201cA nosotros nos hubiese gustado que las cosas se dieran al rev\u00e9s, como dijo el Presidente\u201d, admiti\u00f3 al defender a los \u201cdos mil miembros de la Polic\u00eda m\u00e1s un equipo de Prefectura y Gendarmer\u00eda que estuvieron poniendo el pecho\u201d. \u201cNos hubiera gustado es que todos los dirigentes que sacaron tweets y salieron a plantear, en vez de ir a ese punto, hubieran primero criticado a los violentos que tiraron piedras, que escupieron\u201d, plante\u00f3 la titular de la cartera de<\/p>\n<p>R\u00e1pida de reflejos, agreg\u00f3 luego que las garant\u00edas para la realizaci\u00f3n de la cumbre del G-20 est\u00e1n dadas. \u201cLo primero que hay que hablar es de una conducta socialmente anormal, criticable, en segundo tema estamos abordando todos los detalles para el g-20\u201d, destac\u00f3 despu\u00e9s de cargar contra las opiniones de los dirigentes deportivos. \u00abNo hubo ninguna interna policial, no hubo zona liberada, solo hubo violentos\u00bb, sintetiz\u00f3 la ministra.<\/p>\n<h6>Fuente: P\u00e1gina 12<\/h6>\n","protected":false},"excerpt":{"rendered":"<p>En su af\u00e1n de despegar a la seguridad nacional en la previa del G-20, Macri se sum\u00f3 al libreto oficial de responsabilizar a los funcionarios porte\u00f1os por las fallas del operativo<\/p>\n","protected":false},"author":2,"featured_media":84315,"comment_status":"closed","ping_status":"closed","sticky":false,"template":"","format":"standard","meta":{"footnotes":""},"categories":[8],"tags":[21],"class_list":["post-84314","post","type-post","status-publish","format-standard","has-post-thumbnail","hentry","category-informe-nacional","tag-argentina"],"_links":{"self":[{"href":"http:\/\/argentinamunicipal.com.ar\/argentina\/wp-json\/wp\/v2\/posts\/84314","targetHints":{"allow":["GET"]}}],"collection":[{"href":"http:\/\/argentinamunicipal.com.ar\/argentina\/wp-json\/wp\/v2\/posts"}],"about":[{"href":"http:\/\/argentinamunicipal.com.ar\/argentina\/wp-json\/wp\/v2\/types\/post"}],"author":[{"embeddable":true,"href":"http:\/\/argentinamunicipal.com.ar\/argentina\/wp-json\/wp\/v2\/users\/2"}],"replies":[{"embeddable":true,"href":"http:\/\/argentinamunicipal.com.ar\/argentina\/wp-json\/wp\/v2\/comments?post=84314"}],"version-history":[{"count":0,"href":"http:\/\/argentinamunicipal.com.ar\/argentina\/wp-json\/wp\/v2\/posts\/84314\/revisions"}],"wp:featuredmedia":[{"embeddable":true,"href":"http:\/\/argentinamunicipal.com.ar\/argentina\/wp-json\/wp\/v2\/media\/84315"}],"wp:attachment":[{"href":"http:\/\/argentinamunicipal.com.ar\/argentina\/wp-json\/wp\/v2\/media?parent=84314"}],"wp:term":[{"taxonomy":"category","embeddable":true,"href":"http:\/\/argentinamunicipal.com.ar\/argentina\/wp-json\/wp\/v2\/categories?post=84314"},{"taxonomy":"post_tag","embeddable":true,"href":"http:\/\/argentinamunicipal.com.ar\/argentina\/wp-json\/wp\/v2\/tags?post=84314"}],"curies":[{"name":"wp","href":"https:\/\/api.w.org\/{rel}","templated":true}]}}