{"id":84330,"date":"2018-11-27T06:04:50","date_gmt":"2018-11-27T09:04:50","guid":{"rendered":"http:\/\/argentinamunicipal.com.ar\/argentina\/?p=84330"},"modified":"2018-11-26T20:07:18","modified_gmt":"2018-11-26T23:07:18","slug":"el-concejo-rosarino-insistira-hoy-con-declarar-la-emergencia-en-seguridad","status":"publish","type":"post","link":"http:\/\/argentinamunicipal.com.ar\/argentina\/el-concejo-rosarino-insistira-hoy-con-declarar-la-emergencia-en-seguridad\/","title":{"rendered":"El Concejo rosarino insistir\u00e1 hoy con declarar la emergencia en seguridad"},"content":{"rendered":"<p>\u00abEs una gran oportunidad para que la intendenta Fein pueda disponer de dinero para darles respuestas a los vecinos\u00bb, se\u00f1al\u00f3 el concejal Gabriel Chumpitaz.<\/p>\n<p>La reuni\u00f3n de hoy de la comisi\u00f3n de Seguridad en el Concejo Municipal ser\u00e1 escenario de un nuevo intento por tratar la emergencia en seguridad en la ciudad. Hasta el momento, desde el recinto se solicitaron informes y precisiones al poder Ejecutivo local sobre lo desarrollado en 2016, pero no hubo contestaciones oficiales. \u00abNosotros pretendemos que se declare antes de fin de a\u00f1o\u00bb, se\u00f1al\u00f3 el presidente de la comisi\u00f3n de Seguridad y concejal de Cambiemos, Gabriel Chumpitaz.<\/p>\n<p>\u00abEs inminente la necesidad de declarar la emergencia en seguridad en Rosario, se vienen tiempos dif\u00edciles, y esta es una gran oportunidad para que la intendenta, M\u00f3nica Fein pueda disponer de dinero para darles respuestas a los vecinos\u00bb, destac\u00f3 Chumpitaz.<\/p>\n<p>\u00abLos vecinos reclaman mayor rigor a la hora de controlar las motos. No s\u00f3lo en las avenidas y en los grandes corredores, sino tambi\u00e9n en el interior de los barrios. Si las reparticiones municipales no est\u00e1n en capacidad de hacerlo, se debe avanzar en otro tipo de acciones programadas conjuntas con la polic\u00eda y el Ministerio de Seguridad de la provincia\u00bb, reclam\u00f3 el edil de Cambiemos.<\/p>\n<p>Para poder avanzar con este iniciativa, Chumpitaz advirti\u00f3 que son necesarias las conclusiones de acciones legislativas anteriores. \u00abEn este momento queremos analizar los 28 expedientes antiguos de 2016, pero algunos de esos pedidos de informes todav\u00eda no fueron contestados. Seguiremos adelante con esta discusi\u00f3n, porque necesitamos apoyarnos en ese relevamiento para disponer las nuevas determinaciones\u00bb, explic\u00f3 el presidente de la comisi\u00f3n de Seguridad.<\/p>\n<p>Sobre la realidad dentro de la comisi\u00f3n, y tambi\u00e9n en el Palacio Vasallo, el concejal confi\u00f3 que \u00aben primer t\u00e9rmino hay consensos para aprobar la emergencia en seguridad. El tema es que en septiembre de 2016, cuando se present\u00f3 en aquella oportunidad la emergencia en seguridad, se acordaron 28 proyectos que est\u00e1n relacionados a la seguridad, ya sea con incumbencias provinciales y municipales, y la verdad es que nosotros a\u00fan no tenemos respuestas del municipio\u00bb.<\/p>\n<p>Y se encarg\u00f3 de resaltar: \u00abDe esta manera, no sabemos cu\u00e1les de estos proyectos se pudieron llevar adelante, cu\u00e1les se hicieron parcialmente y cu\u00e1les no se pudieron cumplir. Eso no nos permite avanzar en la emergencia en seguridad como pretendemos\u00bb.<\/p>\n<p>\u00abNos parece l\u00f3gico y muy necesario contar con esas evaluaciones. Tranquilamente podr\u00edamos declarar la emergencia, pero nos parece m\u00e1s adecuado poder plantear acciones desde las conclusiones de estos proyectos. Pero no tuvimos ninguna respuesta oficial por parte de la Intendencia\u00bb, subray\u00f3 Chumpitaz.<\/p>\n<p>Acerca de sus pretensiones legislativas, cont\u00f3 que \u00abla intenci\u00f3n es poder declarar la emergencia antes de fin de a\u00f1o. Y todos los bloques, en su mayor\u00eda, estamos de acuerdo\u00bb.<\/p>\n<p>Con jefes de Distritos<\/p>\n<p>En relaci\u00f3n a las pr\u00f3ximas iniciativas de la comisi\u00f3n de Seguridad, Chumpitaz destac\u00f3 que en la reuni\u00f3n de hoy tambi\u00e9n se va a plantear \u00abuna reuni\u00f3n antes de fin de a\u00f1o con los seis jefes de los Distritos Municipales, con una modalidad parecida al encuentro que tuvimos con el ministro de Seguridad provincial, Maximiliano Pullaro, y adem\u00e1s contar\u00e1 con la participaci\u00f3n de representantes de vecinos de toda la ciudad\u00bb.<\/p>\n<p>\u00abLa idea es que los vecinos puedan trasladarles directamente los reclamos que surgieron de los distintos observatorios realizados a los responsables pol\u00edticos de cada sector. La idea es hacerlo sectorizado, por Distrito, para hacerlo m\u00e1s operativo\u00bb, expres\u00f3 el concejal.<\/p>\n<p>En ese orden, agreg\u00f3 adem\u00e1s que tambi\u00e9n se pretende hacer otra reuni\u00f3n de similares caracter\u00edsticas con el secretario de Control y Convivencia del municipio, Guillermo Turrin, que seguramente se concretar\u00e1 en las pr\u00f3ximas 2 \u00f3 3 semanas\u00bb.<\/p>\n<h6>Fuente: La Capital<\/h6>\n","protected":false},"excerpt":{"rendered":"<p>\u00abEs una gran oportunidad para que la intendenta Fein pueda disponer de dinero para darles respuestas a los vecinos\u00bb, se\u00f1al\u00f3 el concejal Gabriel Chumpitaz.<\/p>\n","protected":false},"author":2,"featured_media":84331,"comment_status":"closed","ping_status":"closed","sticky":false,"template":"","format":"standard","meta":{"footnotes":""},"categories":[4],"tags":[10],"class_list":["post-84330","post","type-post","status-publish","format-standard","has-post-thumbnail","hentry","category-informe-politico","tag-santa-fe"],"_links":{"self":[{"href":"http:\/\/argentinamunicipal.com.ar\/argentina\/wp-json\/wp\/v2\/posts\/84330","targetHints":{"allow":["GET"]}}],"collection":[{"href":"http:\/\/argentinamunicipal.com.ar\/argentina\/wp-json\/wp\/v2\/posts"}],"about":[{"href":"http:\/\/argentinamunicipal.com.ar\/argentina\/wp-json\/wp\/v2\/types\/post"}],"author":[{"embeddable":true,"href":"http:\/\/argentinamunicipal.com.ar\/argentina\/wp-json\/wp\/v2\/users\/2"}],"replies":[{"embeddable":true,"href":"http:\/\/argentinamunicipal.com.ar\/argentina\/wp-json\/wp\/v2\/comments?post=84330"}],"version-history":[{"count":0,"href":"http:\/\/argentinamunicipal.com.ar\/argentina\/wp-json\/wp\/v2\/posts\/84330\/revisions"}],"wp:featuredmedia":[{"embeddable":true,"href":"http:\/\/argentinamunicipal.com.ar\/argentina\/wp-json\/wp\/v2\/media\/84331"}],"wp:attachment":[{"href":"http:\/\/argentinamunicipal.com.ar\/argentina\/wp-json\/wp\/v2\/media?parent=84330"}],"wp:term":[{"taxonomy":"category","embeddable":true,"href":"http:\/\/argentinamunicipal.com.ar\/argentina\/wp-json\/wp\/v2\/categories?post=84330"},{"taxonomy":"post_tag","embeddable":true,"href":"http:\/\/argentinamunicipal.com.ar\/argentina\/wp-json\/wp\/v2\/tags?post=84330"}],"curies":[{"name":"wp","href":"https:\/\/api.w.org\/{rel}","templated":true}]}}