{"id":84394,"date":"2018-11-29T06:41:27","date_gmt":"2018-11-29T09:41:27","guid":{"rendered":"http:\/\/argentinamunicipal.com.ar\/argentina\/?p=84394"},"modified":"2018-11-29T06:41:27","modified_gmt":"2018-11-29T09:41:27","slug":"alarmantes-datos-oficiales-se-derrumba-el-empleo-y-toca-su-nivel-mas-bajo-en-14-meses","status":"publish","type":"post","link":"http:\/\/argentinamunicipal.com.ar\/argentina\/alarmantes-datos-oficiales-se-derrumba-el-empleo-y-toca-su-nivel-mas-bajo-en-14-meses\/","title":{"rendered":"Alarmantes datos oficiales: se derrumba el empleo y toca su nivel m\u00e1s bajo en 14 meses"},"content":{"rendered":"<p>As\u00ed lo indica un informe del Ministerio de Producci\u00f3n y Trabajo publicado este mi\u00e9rcoles. En doce meses se perdieron 70.000 puestos de trabajo.<\/p>\n<p>El empleo\u00a0registr\u00f3 en el mes de septiembre un\u00a0descenso interanual del 0,6%, equivalente a\u00a070.000 puestos de trabajo menos, y alcanz\u00f3 el\u00a0nivel m\u00e1s bajo en 14 meses.<\/p>\n<p>Los datos surgen del informe que dio a conocer este mi\u00e9rcoles el\u00a0Ministerio de Producci\u00f3n y Trabajo. Los m\u00e1s afectados resultaron los trabajadores del\u00a0sector privado. All\u00ed se destruyeron en doce meses nada menos que 36.000 empleos.<\/p>\n<p>La crisis cambiaria y la recesi\u00f3n\u00a0golpearon con fuerza a esta variable de la econom\u00eda. Tambi\u00e9n se anot\u00f3 en septiembre una disminuci\u00f3n de 64.000 monotrobutistas sociales, ya que la administraci\u00f3n nacional dio de baja el monotributo agropecuario.<\/p>\n<p>En cuanto a la destrucci\u00f3n de empleo privado, la mayor\u00eda correspondi\u00f3 a despidos\u00a0en el sector manufacturero, que verific\u00f3 una baja de 40.000 trabajadores registrados, superando incluso el total y siendo compensado por otros rubros.<\/p>\n<p>Por su parte,\u00a0Comercio, Transporte y Construcci\u00f3n\u00a0tambi\u00e9n est\u00e1n por debajo del noveno mes del a\u00f1o pasado, aunque con cifras m\u00e1s moderadas.<\/p>\n<p>Los sectores que crecieron fueron la\u00a0Ense\u00f1anza, que increment\u00f3 el nivel de empleo en 7800 puestos,\u00a0Agricultura\u00a0(5100) y\u00a0Explotaci\u00f3n de minas y canteras(3900).<\/p>\n<p>Se espera que el ajuste al que est\u00e1 siendo sometida la econom\u00eda argentina en funci\u00f3n de\u00a0las metas exigidas por el FMI\u00a0agudicen esta preocupante situaci\u00f3n en los pr\u00f3ximos meses.<\/p>\n<h6>Fuente: InfoNews<\/h6>\n","protected":false},"excerpt":{"rendered":"<p>As\u00ed lo indica un informe del Ministerio de Producci\u00f3n y Trabajo publicado este mi\u00e9rcoles. En doce meses se perdieron 70.000 puestos de trabajo.<\/p>\n","protected":false},"author":2,"featured_media":84395,"comment_status":"closed","ping_status":"closed","sticky":false,"template":"","format":"standard","meta":{"footnotes":""},"categories":[8],"tags":[21],"class_list":["post-84394","post","type-post","status-publish","format-standard","has-post-thumbnail","hentry","category-informe-nacional","tag-argentina"],"_links":{"self":[{"href":"http:\/\/argentinamunicipal.com.ar\/argentina\/wp-json\/wp\/v2\/posts\/84394","targetHints":{"allow":["GET"]}}],"collection":[{"href":"http:\/\/argentinamunicipal.com.ar\/argentina\/wp-json\/wp\/v2\/posts"}],"about":[{"href":"http:\/\/argentinamunicipal.com.ar\/argentina\/wp-json\/wp\/v2\/types\/post"}],"author":[{"embeddable":true,"href":"http:\/\/argentinamunicipal.com.ar\/argentina\/wp-json\/wp\/v2\/users\/2"}],"replies":[{"embeddable":true,"href":"http:\/\/argentinamunicipal.com.ar\/argentina\/wp-json\/wp\/v2\/comments?post=84394"}],"version-history":[{"count":0,"href":"http:\/\/argentinamunicipal.com.ar\/argentina\/wp-json\/wp\/v2\/posts\/84394\/revisions"}],"wp:featuredmedia":[{"embeddable":true,"href":"http:\/\/argentinamunicipal.com.ar\/argentina\/wp-json\/wp\/v2\/media\/84395"}],"wp:attachment":[{"href":"http:\/\/argentinamunicipal.com.ar\/argentina\/wp-json\/wp\/v2\/media?parent=84394"}],"wp:term":[{"taxonomy":"category","embeddable":true,"href":"http:\/\/argentinamunicipal.com.ar\/argentina\/wp-json\/wp\/v2\/categories?post=84394"},{"taxonomy":"post_tag","embeddable":true,"href":"http:\/\/argentinamunicipal.com.ar\/argentina\/wp-json\/wp\/v2\/tags?post=84394"}],"curies":[{"name":"wp","href":"https:\/\/api.w.org\/{rel}","templated":true}]}}