{"id":84397,"date":"2018-11-29T06:43:51","date_gmt":"2018-11-29T09:43:51","guid":{"rendered":"http:\/\/argentinamunicipal.com.ar\/argentina\/?p=84397"},"modified":"2018-11-29T06:43:51","modified_gmt":"2018-11-29T09:43:51","slug":"prevencion-no-es-lo-mismo-que-represion","status":"publish","type":"post","link":"http:\/\/argentinamunicipal.com.ar\/argentina\/prevencion-no-es-lo-mismo-que-represion\/","title":{"rendered":"\u201cPrevenci\u00f3n no es lo mismo que represi\u00f3n\u201d"},"content":{"rendered":"<p>El Gobierno autoriz\u00f3 las protestas de este viernes, pero quiso responsabilizar de cualquier incidente a los miembros del colectivo Confluencia Fuera G20-FMI. Frente al Congreso funcionar\u00e1 la Cumbre de los Pueblos.<\/p>\n<p>El Gobierno dio marcha atr\u00e1s en su intento por invisibilizar las protestas contra el G-20 y termin\u00f3 autorizando a los movimientos sociales y pol\u00edticos a realizar este viernes la movilizaci\u00f3n hasta el Congreso en rechazo a la cumbre. Sin embargo, les exigi\u00f3 a los organizadores que no haya caras tapadas \u201cni elementos o artefactos que tengan por objeto la violencia\u201d y, en todo caso, que sean ellos mismos los que contengan a los posibles violentos. A modo de respuesta, el premio Nobel de la Paz y titular del Servicio Paz y Justicia (Serpaj), Adolfo P\u00e9rez Esquivel asegur\u00f3 que \u201cla seguridad de quienes buscan expresar su disconformidad en las calles la tiene que garantizar el Estado con prevenci\u00f3n. Y prevenci\u00f3n no es lo mismo que represi\u00f3n\u201d.<\/p>\n<p>El Serpaj es uno de los espacios que integran la \u201cConfluencia Fuera G20-FMI\u201d, un colectivo integrado por organismos de derechos humanos argentinos, organizaciones internacionales como Attac, Action for Argentina UK y Anticapitalistas en Red, entre otras, y unas 65 organizaciones locales donde figuran la CTEP, Barrios de Pie, Di\u00e1logo 2000 y partidos de izquierda. Este amplio grupo es organizador de la Cumbre de los Pueblos que se realizar\u00e1 en la Plaza de los Dos Congresos. En tanto que la movilizaci\u00f3n prevista para ma\u00f1ana viernes comenzar\u00e1 con una concentraci\u00f3n a partir de las 15 en la intersecci\u00f3n de las avenidas 9 de Julio y San Juan.<\/p>\n<p>\u201cAmbas actividades fueron habilitadas por el Gobierno\u201d, confirm\u00f3 a este diario P\u00e9rez Esquivel, quien asegur\u00f3, en ese sentido, que \u201cse realizar\u00e1n para promover ideas alternativas que confronten a las que llevaron a nuestro pa\u00eds a sucumbir en tan grave situaci\u00f3n\u201d.<\/p>\n<p>\u201cNi la manifestaci\u00f3n que haremos el viernes ni la Cumbre de los pueblos tiene como objetivo la violencia, pero desde ya nuestra seguridad y la de quienes buscan expresar su disconformidad en las calles la tiene que garantizar el Estado con prevenci\u00f3n. Y prevenci\u00f3n no es lo mismo que represi\u00f3n\u201d, sostuvo en relaci\u00f3n a la misiva con la que el titular de la Unidad de Coordinaci\u00f3n General del Ministerio de Seguridad de la Naci\u00f3n, Gerardo Milman, concedi\u00f3 el permiso a las organizaciones para marchar el viernes.<\/p>\n<p>La habilitaci\u00f3n, inform\u00f3 Milman, se emiti\u00f3 \u201cpor instrucci\u00f3n de la ministra de Seguridad, Patricia Bullrich, y en el marco de la necesidad de di\u00e1logo entre los argentinos que ha propuesto el presidente Mauricio Macri\u201d. Las agrupaciones que integran Confluencia Fuera G20-FMI, entre las que figuran el Serpaj y otros organismos de derechos humanos; agrupaciones sociales y pol\u00edticas, hab\u00edan anunciado hace d\u00edas su intenci\u00f3n de marchar en repudio a la cumbre y as\u00ed lo hab\u00edan comunicado al jefe de Gabinete de la cartera de Seguridad en una reuni\u00f3n que hab\u00edan compartido d\u00edas atr\u00e1s.<\/p>\n<p>Si bien aclara que el Estado no \u201cresigna la responsabilidad de la seguridad\u201d durante la manifestaci\u00f3n, invita a las organizaciones que la llevar\u00e1n a cabo a desarrollar \u201ctoda se\u00f1al de manifestaci\u00f3n en paz, sin caras tapadas, sin elementos o artefactos que tengan por objeto la violencia y la posibilidad de aislar entre todos si los hubiere, a individuos o grupos violentos\u201d.<\/p>\n<p>En cuanto a acciones represivas, no obstante, no deja lugar a dudas: \u201cEn cualquier caso que haya situaciones que pongan en riesgo la seguridad de las personas, los bienes p\u00fablicos y\/o privados las fuerzas de seguridad actuar\u00e1n de manera inmediata de acuerdo a la Constituci\u00f3n y las Leyes\u201d, afirm\u00f3 Milman en su carta.<\/p>\n<p>\u201cNo nos pas\u00f3 nunca\u201d, recalc\u00f3 P\u00e9rez Esquivel, \u201cque pidan a los manifestantes hacerse cargo\u201d de la seguridad en una marcha. Y, al respecto, repiti\u00f3: \u201cNosotros no vamos a actuar con violencia, pero quien tiene que garantizar la seguridad es el Estado con medidas de prevenci\u00f3n no de represi\u00f3n\u201d porque \u201cuna cosa es la prevenci\u00f3n, necesaria en cada manifestaci\u00f3n de ideas contrarias a las hegem\u00f3nicas, y otra es la represi\u00f3n, tal como act\u00faa este Gobierno desde que asumi\u00f3 el poder. Esperemos que este no sea un caso m\u00e1s\u201d.<\/p>\n<p>Con ejes de repudio principalmente enfocados en \u201cla dependencia cada vez mayor que nuestro pa\u00eds y los del mal llamado tercer mundo sufren frente a las grandes potencias\u201d, en \u201cla negativa a hacer frente al cambio clim\u00e1tico\u201d y en \u201clas redes que teje a pasos agigantados el mundo financiero, y un ejemplo es Argentina misma, que tras habernos liberado estamos nuevamente atrapados en el FMI\u201d, la movilizaci\u00f3n comenzar\u00e1 el viernes a las 15 en Avenida San Juan, avanzar\u00e1 por 9 de Julio hasta Avenida de Mayo y, desde all\u00ed, se dirigir\u00e1 al Congreso. \u201cA\u00fan estamos ajustando esas cuestiones\u201d, apunt\u00f3 P\u00e9rez Esquivel cuando se lo consult\u00f3 sobre la log\u00edstica que desarrollar\u00e1n los espacios para llegar hasta el punto de concentraci\u00f3n y de partida de la marcha, teniendo en cuenta el alto grado de paralizaci\u00f3n que sufrir\u00e1n los medios de transporte p\u00fablicos durante los d\u00edas de la Cumbre.<\/p>\n<h6>Fuente: p\u00e1gina 12<\/h6>\n","protected":false},"excerpt":{"rendered":"<p>El Gobierno autoriz\u00f3 las protestas de este viernes, pero quiso responsabilizar de cualquier incidente a los miembros del colectivo Confluencia Fuera G20-FMI. Frente al Congreso funcionar\u00e1 la Cumbre de los Pueblos.<\/p>\n","protected":false},"author":2,"featured_media":84398,"comment_status":"closed","ping_status":"closed","sticky":false,"template":"","format":"standard","meta":{"footnotes":""},"categories":[8],"tags":[21],"class_list":["post-84397","post","type-post","status-publish","format-standard","has-post-thumbnail","hentry","category-informe-nacional","tag-argentina"],"_links":{"self":[{"href":"http:\/\/argentinamunicipal.com.ar\/argentina\/wp-json\/wp\/v2\/posts\/84397","targetHints":{"allow":["GET"]}}],"collection":[{"href":"http:\/\/argentinamunicipal.com.ar\/argentina\/wp-json\/wp\/v2\/posts"}],"about":[{"href":"http:\/\/argentinamunicipal.com.ar\/argentina\/wp-json\/wp\/v2\/types\/post"}],"author":[{"embeddable":true,"href":"http:\/\/argentinamunicipal.com.ar\/argentina\/wp-json\/wp\/v2\/users\/2"}],"replies":[{"embeddable":true,"href":"http:\/\/argentinamunicipal.com.ar\/argentina\/wp-json\/wp\/v2\/comments?post=84397"}],"version-history":[{"count":0,"href":"http:\/\/argentinamunicipal.com.ar\/argentina\/wp-json\/wp\/v2\/posts\/84397\/revisions"}],"wp:featuredmedia":[{"embeddable":true,"href":"http:\/\/argentinamunicipal.com.ar\/argentina\/wp-json\/wp\/v2\/media\/84398"}],"wp:attachment":[{"href":"http:\/\/argentinamunicipal.com.ar\/argentina\/wp-json\/wp\/v2\/media?parent=84397"}],"wp:term":[{"taxonomy":"category","embeddable":true,"href":"http:\/\/argentinamunicipal.com.ar\/argentina\/wp-json\/wp\/v2\/categories?post=84397"},{"taxonomy":"post_tag","embeddable":true,"href":"http:\/\/argentinamunicipal.com.ar\/argentina\/wp-json\/wp\/v2\/tags?post=84397"}],"curies":[{"name":"wp","href":"https:\/\/api.w.org\/{rel}","templated":true}]}}