{"id":84400,"date":"2018-11-29T06:47:24","date_gmt":"2018-11-29T09:47:24","guid":{"rendered":"http:\/\/argentinamunicipal.com.ar\/argentina\/?p=84400"},"modified":"2018-11-29T06:47:24","modified_gmt":"2018-11-29T09:47:24","slug":"alerta-roja","status":"publish","type":"post","link":"http:\/\/argentinamunicipal.com.ar\/argentina\/alerta-roja\/","title":{"rendered":"\u201cALERTA ROJA\u201d"},"content":{"rendered":"<p>El Gobierno se prepara como para una posible guerra. En el marco del G-20 los principales hospitales de la ciudad de Buenos Aires suspendieron las cirug\u00edas y las licencias de los profesionales. S\u00f3lo atender\u00e1n pacientes de PAMI si hay riesgo de vida. Se menciona \u201cla presencia de una inminente hip\u00f3tesis de conflicto\u201d.<\/p>\n<p>A horas de que empiece el G-20 el cuerpo m\u00e9dico porte\u00f1o vive en medio de una preparaci\u00f3n digna de la guerra. Frases como \u201cc\u00f3digo rojo\u201d, \u201ccat\u00e1strofe\u201d o \u201chip\u00f3tesis de conflicto\u201d forman parte de un bombardeo escrito y verbal que se intensifica a medida que falta menos tiempo para que Donald Trump llegue al pa\u00eds.<\/p>\n<p>Los hospitales de la Ciudad Aut\u00f3noma de Buenos Aires son sitios organizados. Su burocracia tiene a\u00f1os de experiencia. Un recorrido de P\u00e1ginaI12 con preguntas a profesionales del Fern\u00e1ndez, del Pena, del Guti\u00e9rrez, del Argerich y del Pi\u00f1eiro permiti\u00f3 saber que jam\u00e1s en la historia un preparativo tuvo el tono b\u00e9lico que impera en estos d\u00edas.<\/p>\n<p>El c\u00f3digo rojo o alerta roja, el m\u00e1ximo previsto, rige tambi\u00e9n para el Guti\u00e9rrez, el Hospital de Ni\u00f1os, que debe dejar camas libres.<\/p>\n<p>Est\u00e1n en alerta roja, precisamente, los hospitales Fern\u00e1ndez, Argerich, Pirovano, Torn\u00fa, Santojanni, Quemados, Guti\u00e9rrez y Santa Luc\u00eda. Comenz\u00f3 a las 8 del lunes 26.<\/p>\n<p>Para el resto de los hospitales generales de agudos y especializados del sistema regir\u00e1 el alerta amarilla, un nivel menor, \u201cdesde las cero horas del jueves 29\/11\/18 hasta las 0 horas del 2\/12\/18\u201d. Esta segunda categor\u00eda podr\u00e1 ser elevada en el rango de alerta \u201cpor orden de este ministerio de salud del GCABA, en caso de as\u00ed requerirlo por la situaci\u00f3n imperante\u201d. Al operativo porte\u00f1o se sum\u00f3 tambi\u00e9n el hospital El Cruce-N\u00e9stor Kirchner, de Florencio Varela.<\/p>\n<p>Las directivas surgen de un documento girado a las direcciones de todos los hospitales, rojos y amarillos, con el t\u00edtulo de \u201cPautas de organizaci\u00f3n del sistema de salud para la reuni\u00f3n cumbre G-20\u201d, al que tuvo acceso este diario.<\/p>\n<p><strong>Medidas<\/strong><\/p>\n<p>En los \u00faltimos d\u00edas los hospitales de la zona roja deben cumplir con un pu\u00f1ado de medidas:<\/p>\n<p>\u201cSuspender las cirug\u00edas programadas que requieran de post-operatorios en \u00e1reas cr\u00edticas\u201d.<\/p>\n<p>\u201cLiberar camas de piso de UTI, UTIM y UCO\u201d (es decir, entre otras cosas, camas de terapia intensiva) y \u201cpreparar y dejar camas disponibles en sala y en las \u00e1reas cerradas\u201d.<\/p>\n<p>\u201cAbrir habitaciones cerradas, que aumenten la disponibilidad de camas y disponer de \u00e1reas de expansi\u00f3n para la disposici\u00f3n de las mismas\u201d.<\/p>\n<p>Derivar a sanatorios a pacientes que tengan cobertura de obra social o prepaga para dejar espacios libres.<\/p>\n<p>Los pacientes del PAMI solo podr\u00e1n ser recibidos si hay riesgo de vida. Si no, ser\u00e1n derivados a hospitales sin c\u00f3digo rojo o a sanatorios prestadores del PAMI.<\/p>\n<p>Salvo en casos de emergencia de vida, los pacientes que recojan las emergencias del SAME tambi\u00e9n ser\u00e1n derivados a otros centros.<\/p>\n<p>Las ambulancias no puede dejar ninguna camilla en las salas de guardia, \u201cdado que las ambulancias deben tener operatividad inmediata\u201d.<\/p>\n<p>Los jefes de guardia quedan articulados con el director, el subdirector y el jefe del departamento de urgencias.<\/p>\n<p>Tendr\u00e1 que haber equipos reforzados, integrados por ayudante de guardia, enfermeros, cirujanos, traumat\u00f3logos y neurocirujanos.<\/p>\n<p>Un audio en tono coloquial de un supuesto m\u00e9dico, por ejemplo. M\u00e1s all\u00e1 de las fake news, sean del origen que sean, como suele pasar en estos casos las emergencias se montan sobre situaciones precarias.<\/p>\n<p>Una m\u00e9dica que habl\u00f3 a condici\u00f3n de que no se conociera su identidad (\u201cMe gusta mi trabajo y no quiero perderlo\u201d, dijo) cont\u00f3 algunos detalles sobre la realidad de las guardias. \u201cLos residentes, por ejemplo, tienen dedicaci\u00f3n exclusiva\u201d, dijo. \u201cNo pueden cobrar por trabajos que no les corresponden, como una guardia fuera de su protocolo establecido. Pero a veces pasaba que, por necesidades de un servicio o de una persona, un residente hac\u00eda una guardia semanal. No firmaban con la matr\u00edcula propia sino con la de otra persona. Algo totalmente irregular, que se usaba como un m\u00e9todo para que las autoridades evitasen nombrar m\u00e1s profesionales. El sistema no se mejor\u00f3 para cuando hace falta una mayor flexibilidad y a la vez se preserven los derechos laborales y los reglamentos. Y normalmente a veces ya cuesta mucho que las guardias est\u00e9n completas. No se puede cubrir siquiera la dotaci\u00f3n completa prevista. Operativamente, adem\u00e1s, las guardias tienen un l\u00edmite f\u00edsico: cada guardia tiene su terapista, su anestesista&#8230; No puede haber seis o siete equipos de guardia en un mismo recinto. No pueden salir bien las cosas con una dotaci\u00f3n exageradamente agrandada. Que me digan ahora, de golpe, c\u00f3mo van a ordenar todo\u201d.<\/p>\n<p>I<strong>nminente<\/strong><br \/>\nLa primera comunicaci\u00f3n de Roberto Auger, director de Hospitales del Ministerio de Salud de la CABA, es la que le puso el marco apocal\u00edptico a las medidas y sembr\u00f3 la psicosis entre el personal m\u00e9dico y t\u00e9cnico.<\/p>\n<p>Ordenaba suspender las licencias \u201cpor la presencia de una inminente hip\u00f3tesis de conflicto durante la cumbre del G-20\u201d desde el 29 de noviembre hasta el 1\u00b0 de diciembre.<\/p>\n<p>Tal como public\u00f3 P\u00e1ginaI12 el domingo y corrobor\u00f3 otra vez para el curso de esta nota esa expresi\u00f3n jam\u00e1s fue utilizada antes en la atenci\u00f3n hospitalaria. Ni siquiera cuando los establecimientos porte\u00f1os vivieron verdaderas emergencias como la tragedia de Croma\u00f1\u00f3n en diciembre de 2004.<\/p>\n<p>La expresi\u00f3n \u201chip\u00f3tesis de conflicto\u201d se utiliza en el vocabulario de defensa para se\u00f1alar, justamente, los potenciales conflictos objetivos, m\u00e1s all\u00e1 de la disposici\u00f3n del pa\u00eds a encararlos: si hay otra parte en juego, el control total de manera unilateral es imposible. En tiempos de las dictaduras Chile y Brasil eran hip\u00f3tesis de conflicto para la Argentina. Un enfrentamiento en Malvinas o en la zona del Atl\u00e1ntico Sur fue y sigue siendo una hip\u00f3tesis de conflicto que requiere preparaci\u00f3n incluso si la Argentina se compromete, como lo hizo, a abstenerse de iniciativas militares como el desembarco del 2 de abril de 1982.<\/p>\n<p>Ni en la documentaci\u00f3n que reciben los hospitales y sus servicios de guardia o terapia intensiva ni en conversaciones entre autoridades de la CABA y de los hospitales queda registrada cu\u00e1l es la hip\u00f3tesis de conflicto concreta.<\/p>\n<p>M\u00e9dicas, m\u00e9dicos, enfermeros y enfermeras consultados dijeron partir de la base de que los presidentes del G-20 y sus ministros vienen con su propia dotaci\u00f3n m\u00e9dica, equivalente en tecnolog\u00eda y autonom\u00eda a las dotaciones de seguridad.<\/p>\n<p>\u201cNadie nos lo dijo pero es evidente por lo que uno sabe y lee de otras cumbres\u201d, dijo un m\u00e9dico.<\/p>\n<p>El jefe de Gabinete Marcos Pe\u00f1a dice que el G-20 ser\u00e1 \u201cla cumbre de presidentes m\u00e1s importante de la historia argentina\u201d. En realidad ya hubo otra cumbre con la presencia de un presidente norteamericano y 35 colegas m\u00e1s, pero el Gobierno parece no computarla. Fue la cumbre de Mar del Plata en la que los pa\u00edses del Mercosur m\u00e1s Venezuela le pusieron bolilla negra a la formaci\u00f3n un \u00e1rea de libre comercio de las Am\u00e9ricas, que tendr\u00eda como sigla ALCA. George Bush pas\u00f3 por Mar del Plata y adem\u00e1s de una derrota diplom\u00e1tica se llev\u00f3 el paisaje de un pa\u00eds apacible. El estadio mundialista se llen\u00f3 con Hugo Ch\u00e1vez de protagonista y en toda la ciudad balnearia no hubo m\u00e1s de tres o cuatro vidrieras rotas por un peque\u00f1o grupo que tir\u00f3 piedras. Una situaci\u00f3n sin duda m\u00e1s pac\u00edfica que la Tercera Cumbre de las Am\u00e9ricas de Quebec, en 2001, cuando 15 mil manifestantes rompieron el cerco policial. Los m\u00e1s duros de los llamados \u201cglobalif\u00f3bicos\u201d lograron derribar una barrera de cemento, alambres y vallas levantada por la polic\u00eda. Muchos fueron arrestados. Y, por el viento, los gases lacrim\u00f3genos incluso llegaron al lugar donde estaban reunidos los 34 presidentes. Nada que no pueda suceder en Buenos Aires antes de una superfinal River-Boca de la Copa Libertadores, hip\u00f3tesis de crisis p\u00fablicamente subestimada por la ministra de Seguridad Patricia Bullrich cuando dijo que ser\u00eda un hecho \u201cbastante menor\u201d.<\/p>\n<h6>Fuente: P\u00e1gina 12<\/h6>\n","protected":false},"excerpt":{"rendered":"<p>El Gobierno se prepara como para una posible guerra. En el marco del G-20 los principales hospitales de la ciudad de Buenos Aires suspendieron las cirug\u00edas y las licencias de los profesionales.<\/p>\n","protected":false},"author":2,"featured_media":84401,"comment_status":"closed","ping_status":"closed","sticky":false,"template":"","format":"standard","meta":{"footnotes":""},"categories":[8],"tags":[21],"class_list":["post-84400","post","type-post","status-publish","format-standard","has-post-thumbnail","hentry","category-informe-nacional","tag-argentina"],"_links":{"self":[{"href":"http:\/\/argentinamunicipal.com.ar\/argentina\/wp-json\/wp\/v2\/posts\/84400","targetHints":{"allow":["GET"]}}],"collection":[{"href":"http:\/\/argentinamunicipal.com.ar\/argentina\/wp-json\/wp\/v2\/posts"}],"about":[{"href":"http:\/\/argentinamunicipal.com.ar\/argentina\/wp-json\/wp\/v2\/types\/post"}],"author":[{"embeddable":true,"href":"http:\/\/argentinamunicipal.com.ar\/argentina\/wp-json\/wp\/v2\/users\/2"}],"replies":[{"embeddable":true,"href":"http:\/\/argentinamunicipal.com.ar\/argentina\/wp-json\/wp\/v2\/comments?post=84400"}],"version-history":[{"count":0,"href":"http:\/\/argentinamunicipal.com.ar\/argentina\/wp-json\/wp\/v2\/posts\/84400\/revisions"}],"wp:featuredmedia":[{"embeddable":true,"href":"http:\/\/argentinamunicipal.com.ar\/argentina\/wp-json\/wp\/v2\/media\/84401"}],"wp:attachment":[{"href":"http:\/\/argentinamunicipal.com.ar\/argentina\/wp-json\/wp\/v2\/media?parent=84400"}],"wp:term":[{"taxonomy":"category","embeddable":true,"href":"http:\/\/argentinamunicipal.com.ar\/argentina\/wp-json\/wp\/v2\/categories?post=84400"},{"taxonomy":"post_tag","embeddable":true,"href":"http:\/\/argentinamunicipal.com.ar\/argentina\/wp-json\/wp\/v2\/tags?post=84400"}],"curies":[{"name":"wp","href":"https:\/\/api.w.org\/{rel}","templated":true}]}}