{"id":84571,"date":"2018-12-03T05:42:10","date_gmt":"2018-12-03T08:42:10","guid":{"rendered":"http:\/\/argentinamunicipal.com.ar\/argentina\/?p=84571"},"modified":"2018-12-02T20:44:06","modified_gmt":"2018-12-02T23:44:06","slug":"doce-mil-jovenes-santafesinos-en-busca-de-una-nueva-oportunidad","status":"publish","type":"post","link":"http:\/\/argentinamunicipal.com.ar\/argentina\/doce-mil-jovenes-santafesinos-en-busca-de-una-nueva-oportunidad\/","title":{"rendered":"Doce mil j\u00f3venes santafesinos en busca de una nueva oportunidad"},"content":{"rendered":"<p>Se trata de personas de entre 16 y 32 a\u00f1os que se encuentran transitando un programa de capacitaci\u00f3n laboral de la provincia.<\/p>\n<p>Es una experiencia innovadora, y una pol\u00edtica p\u00fablica social, para quebrar el c\u00edrculo perverso de la exclusi\u00f3n y la pobreza\u00bb, resumi\u00f3 el gobernador Miguel Lifschitz al Programa Nueva Oportunidad, el proyecto que se inici\u00f3 en 2013 en barrio Ludue\u00f1a con 300 j\u00f3venes, y hoy alcanza a unos 12 mil pibes de 13 ciudades.<\/p>\n<p>Los n\u00fameros hablan por s\u00ed mismos: 11.737 j\u00f3venes en toda la provincia, m\u00e1s de 7.600 en Rosario y Gran Rosario, 2.800 en Santa Fe, y m\u00e1s de 400 en Reconquista, que junto a otras localidades hacen un n\u00famero, una esperanza y una oportunidad a esa franja de chicos y chicas que vulnerables o no, se capacitan, aprenden un oficio, en muchos casos, con salida laboral asegurada.<\/p>\n<p>Las capacitaciones en oficios son las de siempre y algunas m\u00e1s. A las ya tradicionales (carpinter\u00eda, electricidad y alba\u00f1iler\u00eda), se les suman otras que, a la hora del saber, sirven tanto o m\u00e1s que estas: Arbitraje deportivo, pe\u00f3n y vareador de caballos, video y foto, vivero, fabricaci\u00f3n de instrumentos musicales, peluquer\u00eda y manicura.<\/p>\n<p>El Nueva Oportunidad tambi\u00e9n est\u00e1 presente en siete unidades penitenciarias, como dispositivo de abordaje en situaci\u00f3n de encierro, con 14 espacios para talleres, para 250 j\u00f3venes.<\/p>\n<p>Unidades productivas<\/p>\n<p>Las unidades productivas son en algunos casos el corolario de meses de capacitaci\u00f3n y producci\u00f3n, que llevan adelante los j\u00f3venes que transitan con periodicidad el programa. As\u00ed mismo, hay 100 j\u00f3venes que se unieron para conformar 13 emprendimientos sociales.<\/p>\n<p>Por mencionar algunos, se destacan: \u00abEl horno est\u00e1 para bollos\u00bb, una panader\u00eda de barrio centro; el Vivero de la Asociaci\u00f3n Civil \u00abEl Omb\u00fa\u00bb; la Huerta Agroecol\u00f3gica del barrio Santa Luc\u00eda; la carpinter\u00eda \u00abLos 6 amigos\u00bb, de zona oeste; la f\u00e1brica de baldosas \u00abLa Lagunita\u00bb, y la huerta \u00abLa Rosarina Linda\u00bb.<\/p>\n<p>Tambi\u00e9n est\u00e1 \u00abSur productora\u00bb, un espacio que fue recientemente visitado por la intendenta M\u00f3nica Fein, donde j\u00f3venes que se capacitaron en foto y video armaron una cooperativa y ya fueron contratados por distintos dispositivos del Estado, y tambi\u00e9n particulares, para brindar sus servicios. Adem\u00e1s, Lifschitz inaugur\u00f3 la Unidad Productiva Huerta Nueva Oportunidad, en la zona norte de Rosario.<\/p>\n<h6>Fuente: La capital<\/h6>\n","protected":false},"excerpt":{"rendered":"<p>Se trata de personas de entre 16 y 32 a\u00f1os que se encuentran transitando un programa de capacitaci\u00f3n laboral de la provincia.<\/p>\n","protected":false},"author":2,"featured_media":84572,"comment_status":"closed","ping_status":"closed","sticky":false,"template":"","format":"standard","meta":{"footnotes":""},"categories":[2],"tags":[10],"class_list":["post-84571","post","type-post","status-publish","format-standard","has-post-thumbnail","hentry","category-informe-municipal","tag-santa-fe"],"_links":{"self":[{"href":"http:\/\/argentinamunicipal.com.ar\/argentina\/wp-json\/wp\/v2\/posts\/84571","targetHints":{"allow":["GET"]}}],"collection":[{"href":"http:\/\/argentinamunicipal.com.ar\/argentina\/wp-json\/wp\/v2\/posts"}],"about":[{"href":"http:\/\/argentinamunicipal.com.ar\/argentina\/wp-json\/wp\/v2\/types\/post"}],"author":[{"embeddable":true,"href":"http:\/\/argentinamunicipal.com.ar\/argentina\/wp-json\/wp\/v2\/users\/2"}],"replies":[{"embeddable":true,"href":"http:\/\/argentinamunicipal.com.ar\/argentina\/wp-json\/wp\/v2\/comments?post=84571"}],"version-history":[{"count":0,"href":"http:\/\/argentinamunicipal.com.ar\/argentina\/wp-json\/wp\/v2\/posts\/84571\/revisions"}],"wp:featuredmedia":[{"embeddable":true,"href":"http:\/\/argentinamunicipal.com.ar\/argentina\/wp-json\/wp\/v2\/media\/84572"}],"wp:attachment":[{"href":"http:\/\/argentinamunicipal.com.ar\/argentina\/wp-json\/wp\/v2\/media?parent=84571"}],"wp:term":[{"taxonomy":"category","embeddable":true,"href":"http:\/\/argentinamunicipal.com.ar\/argentina\/wp-json\/wp\/v2\/categories?post=84571"},{"taxonomy":"post_tag","embeddable":true,"href":"http:\/\/argentinamunicipal.com.ar\/argentina\/wp-json\/wp\/v2\/tags?post=84571"}],"curies":[{"name":"wp","href":"https:\/\/api.w.org\/{rel}","templated":true}]}}