{"id":84746,"date":"2018-12-06T07:20:58","date_gmt":"2018-12-06T10:20:58","guid":{"rendered":"http:\/\/argentinamunicipal.com.ar\/argentina\/?p=84746"},"modified":"2018-12-06T07:20:58","modified_gmt":"2018-12-06T10:20:58","slug":"en-acebal-los-despedidos-de-la-industria-del-calzado-piden-auxilio-a-la-comuna","status":"publish","type":"post","link":"http:\/\/argentinamunicipal.com.ar\/argentina\/en-acebal-los-despedidos-de-la-industria-del-calzado-piden-auxilio-a-la-comuna\/","title":{"rendered":"En Acebal, los despedidos de la industria del calzado piden auxilio a la Comuna"},"content":{"rendered":"<p>Lo se\u00f1al\u00f3 el presidente comunal de la localidad en donde hay m\u00e1s de 30 f\u00e1bricas de zapatos<\/p>\n<p>A mediados del a\u00f1o pasado, en la plaza central de Acebal, due\u00f1os de f\u00e1bricas, empleados y el pueblo en general realizaron una ruidosa protesta para visibilizar la crisis de la industria nacional del calzado y en particular lo que estaba sucediendo en un pueblo de 6.000 habitantes en donde la mitad trabaja en el rubro o en actividades relacionadas. En ese momento,\u00a0denunciaban el cierre de dos empresas y cerca de 300 despidos entre ceses de contrato y personas con a\u00f1os de trabajo y experiencia que quedaron en la calle.<\/p>\n<p>Un a\u00f1o y medio despu\u00e9s, la situaci\u00f3n no mejor\u00f3. M\u00e1s all\u00e1 de los anuncios de ese momento, de las promesas y de las ayudas que no sirvieron m\u00e1s que para ganar tiempo, la realidad marca que las empresas de esa localidad siguen en problemas y la demanda interna y el consumo, lejos de recuperarse, contin\u00faa en ca\u00edda.<\/p>\n<p>En di\u00e1logo con\u00a0UNO en la Radio (lunes a viernes de 16 a 18 por FM Sol, 91.5 Mhz), el presidente comunal de Acebal, Daniel Siliano, sostuvo que luego de esa gran protesta los fabricantes est\u00e1n peor que antes.<\/p>\n<p>Siliano, nieto del due\u00f1o de la primera f\u00e1brica de zapatos del pueblo (ya desaparecida), cont\u00f3 que\u00a0en Acebal hay cerca de 35 f\u00e1bricas de calzado que entre los empleos directos e indirectos, movilizan aproximadamente el 60% de la econom\u00eda del puebloy lo que est\u00e1 pasando en el sector repercute directamente en las fuentes de trabajo.<\/p>\n<p>La aguda crisis que comenz\u00f3 a desatarse con la apertura de importaciones y la ca\u00edda del consumo puso en jaque a la actividad y seg\u00fan coment\u00f3 el dirigente comunal a las empresas \u201cse les est\u00e1 haciendo dif\u00edcil sostener a los empleados o darles continuidad\u201d.<\/p>\n<p>\u201cLa mayor\u00eda est\u00e1 reduciendo horas de trabajo, no se est\u00e1n renovando los contratos, est\u00e1n dando vacaciones anticipadas y algunos despidiendo y se est\u00e1 haciendo muy, muy dif\u00edcil. Sobre todo para nuestro pueblo donde el 60% de la econom\u00eda depende de la industria del calzado\u00bb, reflej\u00f3 el mandatario.<\/p>\n<p>Fabricantes de calzado, talleres de aparado, f\u00e1bricas de cajas, comisionistas, comerciantes de zapatos, son algunos de los directamente afectados por la ca\u00edda de ventas y actividad. Repro expr\u00e9s y disminuci\u00f3n significativa de la producci\u00f3n son la cara visible de un problema que sin medidas concretas tiende a profundizarse.<\/p>\n<p>\u00abAl primer lugar donde caen los empleados que quedan con menos horas de trabajo es en la Comuna\u00bb, reflej\u00f3 Siliano<\/p>\n<p>La semana pasada, el testimonio de dos empresarios de Acebal a este medio grafic\u00f3 la situaci\u00f3n: una f\u00e1brica que pas\u00f3 de 20 empleados a seis y de 500 pares de zapatos diarios a 50; y la otra que de seis empleados pas\u00f3 a dos y que hab\u00eda iniciado gestiones en el Ministerio de Trabajo de Naci\u00f3n para conseguir Repro (Programa de Reconversi\u00f3n Productiva) que permitan pagar los sueldos.<\/p>\n<p>A su vez, el complejo presente de los que pierden el trabajo, sufren reducci\u00f3n horaria, o adelanto de vacaciones se refleja de inmediato en la comuna ante la inexistencia de otras oportunidades. \u00abAl primer lugar donde caen los empleados que quedan con menos horas de trabajo es en la Comuna\u00bb, reflej\u00f3 Siliano.<\/p>\n<p>\u00abTratamos de contenerlos de a poco, asistirlos socialmente.\u00a0Lo que pasa es que hoy la gente est\u00e1 sufriendo mucho y no le alcanza para el alquiler, los impuestos, los servicios y hay mucha gente que viene que no le alcanza para comer.\u00a0Estamos muy preocupados\u00bb, afirm\u00f3.<\/p>\n<p><strong>Ca\u00edda del consumo<\/strong><\/p>\n<p>El principal problema es la falta de consumo, dijo el jefe comunal de Acebal consultado sobre las causas de la actual situaci\u00f3n. \u00abDespu\u00e9s viene la importaci\u00f3n, pero el principal es que los negocios y los comerciantes no venden. Al no vender no hay pedidos para las f\u00e1bricas. Eso hace que los fabricantes no tengan trabajo\u00bb, explic\u00f3.<\/p>\n<p>En ese marco cont\u00f3 que en los \u00faltimos a\u00f1os hubo f\u00e1bricas que invirtieron, se tecnificaron y planificaron plantas para incrementar la producci\u00f3n y \u00abhoy se est\u00e1n encontrando que tienen que producir mucho menos y eso lleva a despedir gente y a bajar las horas de trabajo\u00bb.<\/p>\n<p>Sin contar los puestos de trabajo que se llev\u00f3 2017, \u201choy m\u00e1s o menos han sido despedidos unos 30 chicos\u201d, inform\u00f3 Siliano\u00a0y agreg\u00f3: \u201cA su vez, todos est\u00e1n con reducci\u00f3n de horas, con vacaciones anticipadas y todo eso hace a que no les alcance para poder solventar sus gastos. Muchas familias alquilan y el sueldo base no alcanza para solventar todos los gastos que tienen\u201d.<\/p>\n<p>Por \u00faltimo, mencion\u00f3 que para superar la actual coyuntura desde la comuna est\u00e1n motorizando reuniones con los fabricantes de zapatos y con el sindicato de trabajadores para acelerar los tr\u00e1mites para la obtenci\u00f3n de ayuda estatal mediante Repro Expr\u00e9s. \u201cEsa ayuda les puede permitir juntar recursos para pagar los sueldos. Lo otro que tenemos es un fondo rotatorio, entregado el a\u00f1o pasado, cuando Contigiani era ministro, que a medida que va a teniendo devoluci\u00f3n se va prestando a otros. Esto es para ganar tiempo. No es la soluci\u00f3n, la soluci\u00f3n es que haya consumo\u201d, finaliz\u00f3.<\/p>\n<h6>Fuente: Uno<\/h6>\n","protected":false},"excerpt":{"rendered":"<p>Lo se\u00f1al\u00f3 el presidente comunal de la localidad en donde hay m\u00e1s de 30 f\u00e1bricas de zapatos<\/p>\n","protected":false},"author":2,"featured_media":84747,"comment_status":"closed","ping_status":"closed","sticky":false,"template":"","format":"standard","meta":{"footnotes":""},"categories":[2],"tags":[10],"class_list":["post-84746","post","type-post","status-publish","format-standard","has-post-thumbnail","hentry","category-informe-municipal","tag-santa-fe"],"_links":{"self":[{"href":"http:\/\/argentinamunicipal.com.ar\/argentina\/wp-json\/wp\/v2\/posts\/84746","targetHints":{"allow":["GET"]}}],"collection":[{"href":"http:\/\/argentinamunicipal.com.ar\/argentina\/wp-json\/wp\/v2\/posts"}],"about":[{"href":"http:\/\/argentinamunicipal.com.ar\/argentina\/wp-json\/wp\/v2\/types\/post"}],"author":[{"embeddable":true,"href":"http:\/\/argentinamunicipal.com.ar\/argentina\/wp-json\/wp\/v2\/users\/2"}],"replies":[{"embeddable":true,"href":"http:\/\/argentinamunicipal.com.ar\/argentina\/wp-json\/wp\/v2\/comments?post=84746"}],"version-history":[{"count":0,"href":"http:\/\/argentinamunicipal.com.ar\/argentina\/wp-json\/wp\/v2\/posts\/84746\/revisions"}],"wp:featuredmedia":[{"embeddable":true,"href":"http:\/\/argentinamunicipal.com.ar\/argentina\/wp-json\/wp\/v2\/media\/84747"}],"wp:attachment":[{"href":"http:\/\/argentinamunicipal.com.ar\/argentina\/wp-json\/wp\/v2\/media?parent=84746"}],"wp:term":[{"taxonomy":"category","embeddable":true,"href":"http:\/\/argentinamunicipal.com.ar\/argentina\/wp-json\/wp\/v2\/categories?post=84746"},{"taxonomy":"post_tag","embeddable":true,"href":"http:\/\/argentinamunicipal.com.ar\/argentina\/wp-json\/wp\/v2\/tags?post=84746"}],"curies":[{"name":"wp","href":"https:\/\/api.w.org\/{rel}","templated":true}]}}