{"id":8478,"date":"2014-05-27T11:27:33","date_gmt":"2014-05-27T14:27:33","guid":{"rendered":"http:\/\/argentinamunicipal.com.ar\/argentina\/?p=8478"},"modified":"2014-05-27T13:03:43","modified_gmt":"2014-05-27T16:03:43","slug":"insolito-villa-mercedes-festejo-el-dia-de-la-patria-con-banderas-de-guatemala","status":"publish","type":"post","link":"http:\/\/argentinamunicipal.com.ar\/argentina\/insolito-villa-mercedes-festejo-el-dia-de-la-patria-con-banderas-de-guatemala\/","title":{"rendered":"Ins\u00f3lito: Villa Mercedes festej\u00f3 el D\u00eda de la Patria con banderas de Guatemala"},"content":{"rendered":"<p><a href=\"http:\/\/argentinamunicipal.com.ar\/argentina\/wp-content\/uploads\/2014\/05\/guatus4.jpg\"><img loading=\"lazy\" decoding=\"async\" class=\"aligncenter  wp-image-8479\" src=\"http:\/\/argentinamunicipal.com.ar\/argentina\/wp-content\/uploads\/2014\/05\/guatus4.jpg\" alt=\"guatus4\" width=\"739\" height=\"554\" srcset=\"http:\/\/argentinamunicipal.com.ar\/argentina\/wp-content\/uploads\/2014\/05\/guatus4.jpg 960w, http:\/\/argentinamunicipal.com.ar\/argentina\/wp-content\/uploads\/2014\/05\/guatus4-300x225.jpg 300w\" sizes=\"auto, (max-width: 739px) 100vw, 739px\" \/><\/a><br \/>\nUna bandera mas parecida a la de Guatemala que a la Argentina flame\u00f3 en una esquina de Villa Mercedes para conmemorar el 204\u00ba Aniversario de la Revoluci\u00f3n de Mayo.<\/p>\n<p>Vecinos de esa ciudad retrataron la particular bandera colocada en el boulevard de la avenida 25 de Mayo, en la esquina de la calle Sucre, y la difundieron a trav\u00e9s de las redes sociales.<\/p>\n<p>Algunos con bronca por la confusi\u00f3n, otros con iron\u00eda, los ciudadanos comentaron y compartieron las im\u00e1genes en Facebook.<\/p>\n<p>\u00abYa llegamos a guatepeor jajaja tocamos fondo\u00bb; \u00abPor favor!! No podemos estar representados por semejantes burros!!!\u00bb; \u00abJajajajajajajjajajaja q poca cultura y patriotismo q tienen! San luis otro pais definitivamente&#8230;\u00bb, fueron algunos de los comentarios publicados en la web.<\/p>\n<p>La bandera tiene los colores celeste y blanco, pero en bastones verticales, no horizontales como la ense\u00f1a patria.<\/p>\n<p>Tampoco tiene el sol en el medio para asemejarla con la Argentina. La franja blanca, de hecho, no tiene ninguna figura estampada.<\/p>\n<h6>Fuente: San Luis 24<\/h6>\n","protected":false},"excerpt":{"rendered":"<p>Una bandera mas parecida a la de Guatemala que a la Argentina flame\u00f3 en una esquina de Villa Mercedes para conmemorar el 204\u00ba Aniversario de la Revoluci\u00f3n de Mayo. Vecinos de esa ciudad retrataron la particular bandera colocada en el boulevard de la avenida 25 de Mayo, en la esquina de la calle Sucre, y<\/p>\n","protected":false},"author":2,"featured_media":8479,"comment_status":"closed","ping_status":"closed","sticky":false,"template":"","format":"standard","meta":{"footnotes":""},"categories":[46,2],"tags":[28],"class_list":["post-8478","post","type-post","status-publish","format-standard","has-post-thumbnail","hentry","category-curiosidad","category-informe-municipal","tag-san-luis"],"_links":{"self":[{"href":"http:\/\/argentinamunicipal.com.ar\/argentina\/wp-json\/wp\/v2\/posts\/8478","targetHints":{"allow":["GET"]}}],"collection":[{"href":"http:\/\/argentinamunicipal.com.ar\/argentina\/wp-json\/wp\/v2\/posts"}],"about":[{"href":"http:\/\/argentinamunicipal.com.ar\/argentina\/wp-json\/wp\/v2\/types\/post"}],"author":[{"embeddable":true,"href":"http:\/\/argentinamunicipal.com.ar\/argentina\/wp-json\/wp\/v2\/users\/2"}],"replies":[{"embeddable":true,"href":"http:\/\/argentinamunicipal.com.ar\/argentina\/wp-json\/wp\/v2\/comments?post=8478"}],"version-history":[{"count":0,"href":"http:\/\/argentinamunicipal.com.ar\/argentina\/wp-json\/wp\/v2\/posts\/8478\/revisions"}],"wp:featuredmedia":[{"embeddable":true,"href":"http:\/\/argentinamunicipal.com.ar\/argentina\/wp-json\/wp\/v2\/media\/8479"}],"wp:attachment":[{"href":"http:\/\/argentinamunicipal.com.ar\/argentina\/wp-json\/wp\/v2\/media?parent=8478"}],"wp:term":[{"taxonomy":"category","embeddable":true,"href":"http:\/\/argentinamunicipal.com.ar\/argentina\/wp-json\/wp\/v2\/categories?post=8478"},{"taxonomy":"post_tag","embeddable":true,"href":"http:\/\/argentinamunicipal.com.ar\/argentina\/wp-json\/wp\/v2\/tags?post=8478"}],"curies":[{"name":"wp","href":"https:\/\/api.w.org\/{rel}","templated":true}]}}