{"id":84818,"date":"2018-12-07T07:17:19","date_gmt":"2018-12-07T10:17:19","guid":{"rendered":"http:\/\/argentinamunicipal.com.ar\/argentina\/?p=84818"},"modified":"2018-12-07T07:17:19","modified_gmt":"2018-12-07T10:17:19","slug":"el-concejo-santafesino-declaro-a-la-ciudad-en-emergencia-socioalimentaria","status":"publish","type":"post","link":"http:\/\/argentinamunicipal.com.ar\/argentina\/el-concejo-santafesino-declaro-a-la-ciudad-en-emergencia-socioalimentaria\/","title":{"rendered":"El Concejo santafesino declar\u00f3 a la ciudad en emergencia socioalimentaria"},"content":{"rendered":"<p>Ser\u00e1 por dos a\u00f1os. El Municipio deber\u00e1 adoptar todas las medidas \u201cecon\u00f3micas y t\u00e9cnicas\u201d y \u201chasta el m\u00e1ximo de los recursos que disponga\u201d para garantizar el derecho a la alimentaci\u00f3n de ni\u00f1os, ni\u00f1as y adolescentes de hasta 18 a\u00f1os. Tambi\u00e9n se crear\u00e1 una mesa de di\u00e1logo social y econ\u00f3mico, y un plan de empleo local.<\/p>\n<p>Con el trasfondo de una movilizaci\u00f3n realizada por diversas agrupaciones sociales y pol\u00edticas frente al Palacio Municipal y al edificio del Concejo, el Legislativo local sancion\u00f3 una ordenanza que declar\u00f3 a la ciudad de Santa Fe en emergencia social y alimentaria. La medida durar\u00e1 dos a\u00f1os, encomienda al Ejecutivo a disponer de todos los recursos \u201cprincipalmente econ\u00f3micos y t\u00e9cnicos\u201d para garantizar el derecho de alimentaci\u00f3n a ni\u00f1os, ni\u00f1as y adolescentes de hasta 18 a\u00f1os; crea una Mesa de Di\u00e1logo Social y Econ\u00f3mico y un programa de empleo local para \u201creactivar la econom\u00eda popular\u201d en los barrios.<\/p>\n<p>El despacho surgi\u00f3 de dos proyectos que se unificaron: uno elaborado por la Ctep (Confederaci\u00f3n de Trabajadores de la Econom\u00eda Popular), y otro que hab\u00eda ingresado semanas atr\u00e1s el edil Ignacio Mart\u00ednez Kerz (bloque PJ &#8211; Santa Fe). Finalmente, y tras un texto consensuado hasta \u00faltimo momento, la declaraci\u00f3n sali\u00f3 aprobada por unanimidad.<\/p>\n<p>La norma tiene tres ejes centrales: el primero, garantizar el derecho primario a la alimentaci\u00f3n. Se establece as\u00ed que la Municipalidad local adopte \u201cmedidas urgentes\u201d para garantizar el derecho humano a la alimentaci\u00f3n adecuada de ni\u00f1os, ni\u00f1as y adolescentes hasta los 18 a\u00f1os de edad. Podr\u00e1 disponer de reasignaciones presupuestarias, previa autorizaci\u00f3n del Concejo.<\/p>\n<p>El Gobierno local \u201cdeber\u00e1 adoptar medidas, tanto por s\u00ed mismo como mediante la asistencia y la cooperaci\u00f3n de organismos provinciales, nacionales e internacionales \u2014especialmente econ\u00f3micas y t\u00e9cnicas\u2014 hasta el m\u00e1ximo de los recursos de que disponga, para lograr la plena efectividad de los derechos econ\u00f3micos, sociales y culturales de los sectores vulnerables\u201d, en especial de ni\u00f1os, ni\u00f1as y adolescentes.<\/p>\n<p>La emergencia implicar\u00e1 que la actual administraci\u00f3n municipal realice gestiones ante autoridades nacionales y provinciales para \u201creforzar la asistencia econ\u00f3mica y alimentaria en las escuelas y ONG\u2019s donde funcionen comedores comunitarios o merenderos, hasta cubrir totalmente la demanda requerida\u201d. Y tambi\u00e9n, desplegar operativos con equipos interdisciplinarios para el relevamiento territorial y \u201cla urgente atenci\u00f3n de las situaciones de vulnerabilidades socioecon\u00f3micas m\u00e1s extremas\u201d.<\/p>\n<p><strong>Mesa de di\u00e1logo y plan de empleo<\/strong><\/p>\n<p>El segundo eje es la creaci\u00f3n de una Mesa de Di\u00e1logo Social y Econ\u00f3mico, intersectorial, con representaci\u00f3n del Concejo, del Ejecutivo, de \u00e1reas nacionales provinciales; representantes religiosos de las universidades con sede en la ciudad, de los gremios y de organizaciones sociales (que deber\u00e1n inscribirse en un registro especial tambi\u00e9n creado por esta ordenanza).<\/p>\n<p>Esa mesa deber\u00e1 abocarse al an\u00e1lisis y diagn\u00f3stico de la situaci\u00f3n socioecon\u00f3mica de la ciudad, \u201ccon especial referencia a los grupos de mayor riesgo\u201d, y la formulaci\u00f3n de propuestas relacionadas a implementaci\u00f3n de pol\u00edticas p\u00fablicas \u201cque tengan por objeto garantizar los derechos econ\u00f3micos, sociales y culturales\u201d.<\/p>\n<p>Y el tercer eje de la ordenanza es la creaci\u00f3n del programa Empleo Local, destinado a reactivar la econom\u00eda popular de los barrios \u201cmediante la intensificaci\u00f3n de los programas ya existentes\u201d. Aqu\u00ed, se tendr\u00e1 en cuenta \u201cla ejecuci\u00f3n de obras p\u00fablicas con mano de obra intensiva a trav\u00e9s de cooperativas de trabajadores\u201d, y \u201cla garant\u00eda de participaci\u00f3n de las cooperativas inscriptas en el Registro de la Econom\u00eda Popular como proveedoras de materiales en obras p\u00fablicas\u201d, entre otros puntos.<\/p>\n<p><strong>Opiniones cercanas<\/strong><\/p>\n<p>Para Mart\u00ednez Kerz, hubo una \u201ctoma de conciencia generalizada (de todos los bloques) en abordar en serio el tema (al situaci\u00f3n socioecon\u00f3mica)\u201d. En t\u00e9rminos pr\u00e1cticos, \u201ccon esta norma se agilizan las herramientas con que dispone el Estado Municipal para que \u00e9ste pueda intervenir en comedores comunitarios, por ejemplo, y en otras situaciones de \u00edndole social, sobre todo en los barrios m\u00e1s postergados\u201d, resumi\u00f3.<\/p>\n<p>Laura Mondino (FPCyS) puso en el contexto nacional el sentido de la norma aprobada. \u201cEs un tema que se viene trabajando en muchas ciudades del pa\u00eds, por la situaci\u00f3n econ\u00f3mica que se vive. Santa Fe no es ajena a esta actualidad: hay una enorme cantidad de desocupados y de gente que no tiene el acceso a algo tan b\u00e1sico como poder alimentarse: la norma sancionada busca garantizar este derecho b\u00e1sico\u201d.<\/p>\n<p>Desde el oficialismo, Carlos Su\u00e1rez (UCR-Cambiemos) consider\u00f3 que hay un rango de responsabilidades que van desde Naci\u00f3n, de Provincia y, en el caso del Municipio local, \u201cse le asigna a \u00e9ste el rol de centralizar los recursos y poder disponerlos (para la emergencia socioalimentaria). Creo que las organizaciones sociales con el respaldo del Estado local tendr\u00e1n mayor fortaleza para requerir la asistencia que sea necesaria, y en los niveles estatales que sean necesarios. Esto podr\u00eda servir como impulso para que se apruebe la ley provincial\u201d, que tambi\u00e9n plantea la emergencia alimentaria en toda la bota santafesina.<\/p>\n<h6>Fuente: El Litoral<\/h6>\n","protected":false},"excerpt":{"rendered":"<p>Ser\u00e1 por dos a\u00f1os. El Municipio deber\u00e1 adoptar todas las medidas \u201cecon\u00f3micas y t\u00e9cnicas\u201d y \u201chasta el m\u00e1ximo de los recursos que disponga\u201d para garantizar el derecho a la alimentaci\u00f3n de ni\u00f1os, ni\u00f1as y adolescentes <\/p>\n","protected":false},"author":2,"featured_media":84819,"comment_status":"closed","ping_status":"closed","sticky":false,"template":"","format":"standard","meta":{"footnotes":""},"categories":[2],"tags":[10],"class_list":["post-84818","post","type-post","status-publish","format-standard","has-post-thumbnail","hentry","category-informe-municipal","tag-santa-fe"],"_links":{"self":[{"href":"http:\/\/argentinamunicipal.com.ar\/argentina\/wp-json\/wp\/v2\/posts\/84818","targetHints":{"allow":["GET"]}}],"collection":[{"href":"http:\/\/argentinamunicipal.com.ar\/argentina\/wp-json\/wp\/v2\/posts"}],"about":[{"href":"http:\/\/argentinamunicipal.com.ar\/argentina\/wp-json\/wp\/v2\/types\/post"}],"author":[{"embeddable":true,"href":"http:\/\/argentinamunicipal.com.ar\/argentina\/wp-json\/wp\/v2\/users\/2"}],"replies":[{"embeddable":true,"href":"http:\/\/argentinamunicipal.com.ar\/argentina\/wp-json\/wp\/v2\/comments?post=84818"}],"version-history":[{"count":0,"href":"http:\/\/argentinamunicipal.com.ar\/argentina\/wp-json\/wp\/v2\/posts\/84818\/revisions"}],"wp:featuredmedia":[{"embeddable":true,"href":"http:\/\/argentinamunicipal.com.ar\/argentina\/wp-json\/wp\/v2\/media\/84819"}],"wp:attachment":[{"href":"http:\/\/argentinamunicipal.com.ar\/argentina\/wp-json\/wp\/v2\/media?parent=84818"}],"wp:term":[{"taxonomy":"category","embeddable":true,"href":"http:\/\/argentinamunicipal.com.ar\/argentina\/wp-json\/wp\/v2\/categories?post=84818"},{"taxonomy":"post_tag","embeddable":true,"href":"http:\/\/argentinamunicipal.com.ar\/argentina\/wp-json\/wp\/v2\/tags?post=84818"}],"curies":[{"name":"wp","href":"https:\/\/api.w.org\/{rel}","templated":true}]}}