{"id":84842,"date":"2018-12-07T05:06:37","date_gmt":"2018-12-07T08:06:37","guid":{"rendered":"http:\/\/argentinamunicipal.com.ar\/argentina\/?p=84842"},"modified":"2018-12-07T08:09:10","modified_gmt":"2018-12-07T11:09:10","slug":"eyelit-rechazo-todas-las-propuestas-y-se-va-de-catamarca","status":"publish","type":"post","link":"http:\/\/argentinamunicipal.com.ar\/argentina\/eyelit-rechazo-todas-las-propuestas-y-se-va-de-catamarca\/","title":{"rendered":"Eyelit rechaz\u00f3 todas las propuestas y se va de Catamarca"},"content":{"rendered":"<p>El gremio del SOIVA asegur\u00f3 que la empresa los estaf\u00f3. Continuar\u00e1n el acampe e impedir\u00e1n que se lleve la maquinaria.<\/p>\n<p>Luego de varias idas y vueltas, y de un prolongado ruego para que se quede en Catamarca, Eyelit decidi\u00f3 irse definitivamente.<\/p>\n<p>La empresa de capitales porte\u00f1os comunic\u00f3 la decisi\u00f3n ayer al Ministerio de Producci\u00f3n y luego de evaluar costos decidi\u00f3 que Catamarca no le conviene.<\/p>\n<p>Autoridades provinciales y nacionales le ofrecieron una bater\u00eda de medidas, entre ellas la incorporaci\u00f3n a programas de Recuperaci\u00f3n Productiva (REPRO) nacional y provincial; subsidio al flete; programas con beneficio impositivo a trav\u00e9s de la suba del m\u00ednimo no imponible para cargas sociales y dem\u00e1s. Sin embargo, no fueron suficientes para lograr que se quede.<\/p>\n<p>Los beneficios nacionales se hac\u00edan extensivos incluso a su planta en Buenos Aires, pero no fueron motivo suficiente para que aceptara reabrir sus puertas como estaba previsto.<\/p>\n<p>Cuando ya parec\u00eda que era un hecho su apertura y seg\u00fan el Gobierno \u201csolo restaba un acuerdo interno\u201d entre Eyelit, los trabajadores y el gremio, la empresa dio el portazo y volvi\u00f3 a armar las valijas.<\/p>\n<p>Ra\u00fal Rivero, secretario general del Sindicato de Operarios de la Industria del Vestido (SOIVA), fue quien recibi\u00f3 la noticia por parte del Ministerio de Producci\u00f3n y la transmiti\u00f3 a los 17 trabajadores que hab\u00edan aceptado reincorporarse con las condiciones impuesta por la empresa.<\/p>\n<p>Molesto por lo que asegura fue una burla de la empresa, Rivero opin\u00f3 que hay cosas ocultas y asegur\u00f3 que no se explica el porqu\u00e9 finalmente decidi\u00f3 partir.<\/p>\n<p>\u201cCon toda la asistencia que iba a recibir, iba a operar pr\u00e1cticamente a costo cero\u201d, reclam\u00f3 el sindicalista, tras recordar cada uno de los programas ofrecidos y que ya se hab\u00edan encaminado para apoyar su reapertura. Seg\u00fan indic\u00f3 con la asistencia, por lo menos de 6 meses a un a\u00f1o la firma no iba a tener costo laboral para producir en Catamarca.<\/p>\n<p>\u201cLa empresa dice que no le cierran los n\u00fameros, pero no le creemos nada. Siempre mintieron. De todo el paquete de subsidios que iban a tener tanto de Naci\u00f3n como de Provincia, que eran much\u00edsimos, a ellos no les cerr\u00f3. No les cerr\u00f3 porque estuvieron especulando con que sea m\u00e1s la gente que quiera volver, pero como esto no sucedi\u00f3, ya que fueron apenas 17 las personas que quisieron volver, no les cerr\u00f3\u201d, reclam\u00f3.<\/p>\n<p>Quiebre<\/p>\n<p>Rivero explic\u00f3 que el punto de quiebre fue que la empresa decidiera poner como condici\u00f3n reducir de cinco a tres las jornadas laborales por semana. \u201cNo es posible que alguien regrese a trabajar solo tres d\u00edas, hab\u00eda mucha desconfianza en la gente\u201d, dijo.<br \/>\nSeg\u00fan indic\u00f3, la forma en la que Eyelit dej\u00f3 Catamarca y las condiciones impuestas generaron un temor latente y por ello fueron menos de la mitad quienes se arriesgaron a darle otra cuota de confianza en el supuesto regreso que se negociaba. Y finalmente solo 17 trabajadores de los 58 despedidos expresaron por escrito su deseo de volver a trabajar en la planta.<\/p>\n<p>Paralelamente a las negociaciones de este frustrado regreso, la empresa hizo propuestas a los desempleados. En primera instancia ofreci\u00f3 pagar solo un 30% de las indemnizaciones y adem\u00e1s maquinaria a cambio, lo que fue rechazado de manera contundente. Luego hizo una contrapropuesta y elev\u00f3 al 60% el pago, pero con cuotas de entre 20 y 26 meses, lo que tambi\u00e9n fue rechazado.<br \/>\nLos trabajadores estiman que la empresa lo \u00fanico que pretendi\u00f3 fue evadir las indemnizaciones.<\/p>\n<p>Con esta decisi\u00f3n, el gremio anunci\u00f3 que continuar\u00e1n trabajando desde lo legal para exigir que la empresa cumpla con lo que corresponde y paralelamente continuar\u00e1n con el acampe para impedir el desguace de la planta. \u201cNos vamos a quedar hasta que la justicia act\u00fae\u201d, asegur\u00f3 Rivero.<\/p>\n<p>En la planta, ubicada en la ruta 33 a la altura de Sumalao, a\u00fan permanece maquinaria y materia prima, que fue abandonada tras una decisi\u00f3n de cierre que ni siquiera se comunic\u00f3 a los trabajadores.<\/p>\n<p>Rivero destac\u00f3 la asistencia y el apoyo del Ministerio de Producci\u00f3n, tanto por la asistencia local como por las gestiones a nivel nacional, y reclam\u00f3 que la empresa no solo estaf\u00f3 a los trabajadores sino a toda la provincia.<\/p>\n<p>\u201cNos sentimos estafados; estafaron a la gente, al gremio, al Gobierno provincial, el Gobierno nacional. Nos hicieron perder tiempo, le hicieron perder tiempo al Gobierno\u201d, se quej\u00f3.<\/p>\n<h6>Fuente: El Ancasti<\/h6>\n","protected":false},"excerpt":{"rendered":"<p>El gremio del SOIVA asegur\u00f3 que la empresa los estaf\u00f3. Continuar\u00e1n el acampe e impedir\u00e1n que se lleve la maquinaria.\u00a0<\/p>\n","protected":false},"author":2,"featured_media":84843,"comment_status":"closed","ping_status":"closed","sticky":false,"template":"","format":"standard","meta":{"footnotes":""},"categories":[2],"tags":[16],"class_list":["post-84842","post","type-post","status-publish","format-standard","has-post-thumbnail","hentry","category-informe-municipal","tag-catamarca"],"_links":{"self":[{"href":"http:\/\/argentinamunicipal.com.ar\/argentina\/wp-json\/wp\/v2\/posts\/84842","targetHints":{"allow":["GET"]}}],"collection":[{"href":"http:\/\/argentinamunicipal.com.ar\/argentina\/wp-json\/wp\/v2\/posts"}],"about":[{"href":"http:\/\/argentinamunicipal.com.ar\/argentina\/wp-json\/wp\/v2\/types\/post"}],"author":[{"embeddable":true,"href":"http:\/\/argentinamunicipal.com.ar\/argentina\/wp-json\/wp\/v2\/users\/2"}],"replies":[{"embeddable":true,"href":"http:\/\/argentinamunicipal.com.ar\/argentina\/wp-json\/wp\/v2\/comments?post=84842"}],"version-history":[{"count":0,"href":"http:\/\/argentinamunicipal.com.ar\/argentina\/wp-json\/wp\/v2\/posts\/84842\/revisions"}],"wp:featuredmedia":[{"embeddable":true,"href":"http:\/\/argentinamunicipal.com.ar\/argentina\/wp-json\/wp\/v2\/media\/84843"}],"wp:attachment":[{"href":"http:\/\/argentinamunicipal.com.ar\/argentina\/wp-json\/wp\/v2\/media?parent=84842"}],"wp:term":[{"taxonomy":"category","embeddable":true,"href":"http:\/\/argentinamunicipal.com.ar\/argentina\/wp-json\/wp\/v2\/categories?post=84842"},{"taxonomy":"post_tag","embeddable":true,"href":"http:\/\/argentinamunicipal.com.ar\/argentina\/wp-json\/wp\/v2\/tags?post=84842"}],"curies":[{"name":"wp","href":"https:\/\/api.w.org\/{rel}","templated":true}]}}