{"id":84983,"date":"2018-12-12T05:47:08","date_gmt":"2018-12-12T08:47:08","guid":{"rendered":"http:\/\/argentinamunicipal.com.ar\/argentina\/?p=84983"},"modified":"2018-12-12T07:49:40","modified_gmt":"2018-12-12T10:49:40","slug":"rosario-tendra-un-mercado-de-frutos-culturales","status":"publish","type":"post","link":"http:\/\/argentinamunicipal.com.ar\/argentina\/rosario-tendra-un-mercado-de-frutos-culturales\/","title":{"rendered":"Rosario tendr\u00e1 un Mercado de Frutos Culturales"},"content":{"rendered":"<p>Estar\u00e1 en la franja de los galpones del r\u00edo y se comercializar\u00e1n desde juguetes hasta videos, libros e indumentaria de dise\u00f1o.<\/p>\n<p>A partir de marzo Rosario tendr\u00e1 un nuevo espacio destinado a la venta de objetos y producciones culturales en la franja de los galpones del r\u00edo, en un emprendimiento que surge del estado provincial y que apunta a generar un espacio permanente de comercializaci\u00f3n y cultura.<\/p>\n<p>As\u00ed lo explic\u00f3 ayer la ministra de Innovaci\u00f3n y Cultura de Santa Fe, Mar\u00eda de los Angeles \u00abChiqui\u00bb Gonz\u00e1lez, quien adelant\u00f3 que el Mercado de Frutos Culturales ser\u00e1 un lugar donde los rosarinos podr\u00e1n encontrar libros, discos, objetos de dise\u00f1o, ropa, juguetes y otros elementos \u00abtrabajados culturalmente\u00bb.<\/p>\n<p>\u00abSer\u00e1 un enclave muy importante que resonar\u00e1 junto a los otros espacios de esta franja del r\u00edo, que incluye industrias culturales, cuerpo, imagen y sonido y grandes campa\u00f1as de colaboraci\u00f3n en un espacio que se llamar\u00e1 La Mutual\u00bb, destac\u00f3.<\/p>\n<p>Podr\u00e1n presentarse a esta convocatoria personas f\u00edsicas o jur\u00eddicas, en forma individual o asociativa, con residencia o existencia m\u00ednima de 3 a\u00f1os en la provincia desde hoy hasta el 10 de febrero de 2019 inclusive.<\/p>\n<p>Se seleccionar\u00e1n propuestas que contemplen una oferta al p\u00fablico basada en la variedad, originalidad y calidad, dentro de los siguientes rubros: juegos y juguetes; m\u00fasica y videos; indumentaria de dise\u00f1o; accesorios de dise\u00f1o y mercer\u00eda; objetos de dise\u00f1o; libros y revistas; comics y manga; flores y plantas, entre otras. Las bases y el formulario de inscripci\u00f3n est\u00e1n disponibles en http:\/\/www.santafe.gob.ar\/cultura.<\/p>\n<h6>Fuente: La Capital<\/h6>\n","protected":false},"excerpt":{"rendered":"<p>Estar\u00e1 en la franja de los galpones del r\u00edo y se comercializar\u00e1n desde juguetes hasta videos, libros e indumentaria de dise\u00f1o.<\/p>\n","protected":false},"author":2,"featured_media":84984,"comment_status":"closed","ping_status":"closed","sticky":false,"template":"","format":"standard","meta":{"footnotes":""},"categories":[2],"tags":[10],"class_list":["post-84983","post","type-post","status-publish","format-standard","has-post-thumbnail","hentry","category-informe-municipal","tag-santa-fe"],"_links":{"self":[{"href":"http:\/\/argentinamunicipal.com.ar\/argentina\/wp-json\/wp\/v2\/posts\/84983","targetHints":{"allow":["GET"]}}],"collection":[{"href":"http:\/\/argentinamunicipal.com.ar\/argentina\/wp-json\/wp\/v2\/posts"}],"about":[{"href":"http:\/\/argentinamunicipal.com.ar\/argentina\/wp-json\/wp\/v2\/types\/post"}],"author":[{"embeddable":true,"href":"http:\/\/argentinamunicipal.com.ar\/argentina\/wp-json\/wp\/v2\/users\/2"}],"replies":[{"embeddable":true,"href":"http:\/\/argentinamunicipal.com.ar\/argentina\/wp-json\/wp\/v2\/comments?post=84983"}],"version-history":[{"count":0,"href":"http:\/\/argentinamunicipal.com.ar\/argentina\/wp-json\/wp\/v2\/posts\/84983\/revisions"}],"wp:featuredmedia":[{"embeddable":true,"href":"http:\/\/argentinamunicipal.com.ar\/argentina\/wp-json\/wp\/v2\/media\/84984"}],"wp:attachment":[{"href":"http:\/\/argentinamunicipal.com.ar\/argentina\/wp-json\/wp\/v2\/media?parent=84983"}],"wp:term":[{"taxonomy":"category","embeddable":true,"href":"http:\/\/argentinamunicipal.com.ar\/argentina\/wp-json\/wp\/v2\/categories?post=84983"},{"taxonomy":"post_tag","embeddable":true,"href":"http:\/\/argentinamunicipal.com.ar\/argentina\/wp-json\/wp\/v2\/tags?post=84983"}],"curies":[{"name":"wp","href":"https:\/\/api.w.org\/{rel}","templated":true}]}}