{"id":85023,"date":"2018-12-13T05:26:13","date_gmt":"2018-12-13T08:26:13","guid":{"rendered":"http:\/\/argentinamunicipal.com.ar\/argentina\/?p=85023"},"modified":"2018-12-13T07:29:02","modified_gmt":"2018-12-13T10:29:02","slug":"rosario-metalkrom-cerro-y-20-obreros-sequedaron-en-la-calle","status":"publish","type":"post","link":"http:\/\/argentinamunicipal.com.ar\/argentina\/rosario-metalkrom-cerro-y-20-obreros-sequedaron-en-la-calle\/","title":{"rendered":"Rosario: Metalkrom cerr\u00f3 y 20 obreros sequedaron en la calle"},"content":{"rendered":"<p>La empresa ya hab\u00eda comenzado con despidos, tras acudir sin \u00e9xito a la Justicia para que frenara los tarifazos. UOM pidi\u00f3 la intervenci\u00f3n de Trabajo.<\/p>\n<p>La empresa local de cromado de metales Metalkrom SRL, ubicada en Pasco al 1200, cerr\u00f3 ayer y dej\u00f3 a 20 trabajadores en la calle. La Uni\u00f3n Obrera Metal\u00fargica (UOM) notific\u00f3 y pidi\u00f3 la intervenci\u00f3n del Ministerio de Trabajo provincial, que fij\u00f3 una audiencia conciliatoria para el pr\u00f3ximo lunes al mediod\u00eda.<\/p>\n<p>\u00abLos trabajadores se presentaron a trabajar y encontraron todo cerrado de un d\u00eda para el otro, sin explicaciones, sin previo aviso, ni telegrama de despido, ni carta documento, ni notificaci\u00f3n alguna. Nada. Es un caso m\u00e1s de los tantos que se vienen dando bajo esta modalidad. Quedaron en la calle 20 trabajadores con m\u00e1s de 20 a\u00f1os de antig\u00fcedad, dentro de una empresa que ten\u00eda m\u00e1s de 70 de trayectoria\u00bb, se\u00f1al\u00f3 Pablo Cerra, abogado laboralista asesor del gremio metal\u00fargico.<\/p>\n<p>Con el acompa\u00f1amiento de la Multisectorial contra los Tarifazos, asociaciones y referentes pol\u00edticos, los due\u00f1os de Metalkrom SRL acudieron a la Justicia en abril pasado para presentar un recurso de amparo por el que solicitaron que la Empresa Provincial de la Energ\u00eda (EPE) retrotrajera las tarifas a noviembre de 2016, ante la imposibilidad de afrontar el pago de las \u00faltimas facturas del servicio el\u00e9ctrico. Es que por entonces, la empresa hab\u00eda recibido una boleta por un importe que ascend\u00eda a los 185 mil pesos.<\/p>\n<p>La presentaci\u00f3n fue realizada por el propio abogado de la Multisectorial Contra los Tarifazos, Juan Alcaraz, quien por entonces se mostr\u00f3 esperanzado en que los la Justicia pudiera actuar a favor de la empresa y se sentara jurisprudencia para que otras firmas se animaran a realizar presentaciones similares.<\/p>\n<p>En ese sentido, el abogado invoc\u00f3 un antecedente favorable: la presentaci\u00f3n que realizaron en abril de este a\u00f1o los comerciantes de San Crist\u00f3bal, quienes lograron frenar el pago de las facturas de luz con incrementos gracias a un fallo judicial.<\/p>\n<p>Un caso similar se dio por esos d\u00edas en Venado Tuerto, donde una jueza fren\u00f3 los aumentos de las tarifas el\u00e9ctricas por parte de la cooperativa local proveedora, y que los costos se retrotrajeran a diciembre de 2017, por lo que quedaron con dos aumentos menos aplicados por entonces.<\/p>\n<p>Tras el pedido de amparo, la ministra de la Producci\u00f3n provincial, Alicia Ciciliani, cit\u00f3 a uno de los titulares de la firma, Lisandro Dippe, y a Alcaraz, ofreci\u00f3 ayuda t\u00e9cnica de la cartera para la reconversi\u00f3n de la empresa. El abogado cont\u00f3 luego que esa propuesta estaba condicionada \u00aba desistir de la presentaci\u00f3n\u00bb, y dijo que desde la cartera productiva se les lleg\u00f3 a advertir \u00absobre la posibilidad de clausurar la planta argumentando que est\u00e1 en el centro\u00bb.<\/p>\n<p><strong>Desamparo<\/strong><\/p>\n<p>Finalmente, el amparo recay\u00f3 en el Juzgado Civil y Comercial N\u00ba5, a cargo de Lucrecia Mantello, quien desestim\u00f3 la presentaci\u00f3n a principio de mayo.<\/p>\n<p>En todo momento, la patronal y los propios referentes sociales que accionaron y protestaron en defensa de la empresa, advirtieron que si no se resolv\u00eda la imposibilidad de \u00e9sta de pagar la energ\u00eda, los despidos eran la \u00fanica v\u00eda. Y tal como se anunci\u00f3, a los pocos d\u00edas comenzaron las desvinculaciones por goteo.<\/p>\n<p>\u00abLos due\u00f1os manifestaron que los despidos fueron por la crisis, pero consideramos que fue un acto inmoral, porque apenas los despidieron se presentaron en concurso de acreedores, deslig\u00e1ndose de las indemnizaciones que les corresponden\u00bb, denunci\u00f3 Cerra por entonces. Hoy el abogado reafirma que \u00abhay un contexto que habilita\u00bb a los empresarios a conducirse sin responsabilidad social, ni afrontando consecuencias por sus actos.<\/p>\n<h6>Fuente: La Capital<\/h6>\n","protected":false},"excerpt":{"rendered":"<p>La empresa ya hab\u00eda comenzado con despidos, tras acudir sin \u00e9xito a la Justicia para que frenara los tarifazos. UOM pidi\u00f3 la intervenci\u00f3n de Trabajo.<\/p>\n","protected":false},"author":2,"featured_media":85024,"comment_status":"closed","ping_status":"closed","sticky":false,"template":"","format":"standard","meta":{"footnotes":""},"categories":[2],"tags":[10],"class_list":["post-85023","post","type-post","status-publish","format-standard","has-post-thumbnail","hentry","category-informe-municipal","tag-santa-fe"],"_links":{"self":[{"href":"http:\/\/argentinamunicipal.com.ar\/argentina\/wp-json\/wp\/v2\/posts\/85023","targetHints":{"allow":["GET"]}}],"collection":[{"href":"http:\/\/argentinamunicipal.com.ar\/argentina\/wp-json\/wp\/v2\/posts"}],"about":[{"href":"http:\/\/argentinamunicipal.com.ar\/argentina\/wp-json\/wp\/v2\/types\/post"}],"author":[{"embeddable":true,"href":"http:\/\/argentinamunicipal.com.ar\/argentina\/wp-json\/wp\/v2\/users\/2"}],"replies":[{"embeddable":true,"href":"http:\/\/argentinamunicipal.com.ar\/argentina\/wp-json\/wp\/v2\/comments?post=85023"}],"version-history":[{"count":0,"href":"http:\/\/argentinamunicipal.com.ar\/argentina\/wp-json\/wp\/v2\/posts\/85023\/revisions"}],"wp:featuredmedia":[{"embeddable":true,"href":"http:\/\/argentinamunicipal.com.ar\/argentina\/wp-json\/wp\/v2\/media\/85024"}],"wp:attachment":[{"href":"http:\/\/argentinamunicipal.com.ar\/argentina\/wp-json\/wp\/v2\/media?parent=85023"}],"wp:term":[{"taxonomy":"category","embeddable":true,"href":"http:\/\/argentinamunicipal.com.ar\/argentina\/wp-json\/wp\/v2\/categories?post=85023"},{"taxonomy":"post_tag","embeddable":true,"href":"http:\/\/argentinamunicipal.com.ar\/argentina\/wp-json\/wp\/v2\/tags?post=85023"}],"curies":[{"name":"wp","href":"https:\/\/api.w.org\/{rel}","templated":true}]}}