{"id":85118,"date":"2018-12-17T06:15:24","date_gmt":"2018-12-17T09:15:24","guid":{"rendered":"http:\/\/argentinamunicipal.com.ar\/argentina\/?p=85118"},"modified":"2018-12-17T07:20:21","modified_gmt":"2018-12-17T10:20:21","slug":"presentan-el-plan-rosario-2030-una-metropoli-que-piensa-su-futuro","status":"publish","type":"post","link":"http:\/\/argentinamunicipal.com.ar\/argentina\/presentan-el-plan-rosario-2030-una-metropoli-que-piensa-su-futuro\/","title":{"rendered":"Presentan el Plan Rosario 2030, una metr\u00f3poli que piensa su futuro"},"content":{"rendered":"<p>Hoy, a las 18.30, se exhibir\u00e1n en el parque Espa\u00f1a estrategias para forjar una ciudad m\u00e1s inclusiva, creativa, sustentable e innovadora.<\/p>\n<p>Esta tarde, a las 18.30, se presentar\u00e1 en el Centro Cultural Parque de Espa\u00f1a, la visi\u00f3n Rosario 2030 y las 10 estrategias para terminarla de transformar en una ciudad inclusiva, integrada, equilibrada y sostenible. Para elaborar este nuevo plan estrat\u00e9gico se llevaron a cabo reuniones durante 2 a\u00f1os, que contaron con la participaci\u00f3n de 350 instituciones y 5 mil participaciones individuales, en encuentros por tem\u00e1ticas realizados en los Centros Municipales de Distrito y tambi\u00e9n en el Mercado del Patio.<\/p>\n<p>Desde el Municipio entienden que Rosario logr\u00f3 ser sin\u00f3nimo de movimiento, creatividad, pluralidad de voces, una plataforma para que el futuro suceda. Y destacan que su crecimiento tuvo factores de impulso muy diversos, la mayor\u00eda cimentados en el trabajo y propuestas que vecinos presentaron en las reuniones que desde hace m\u00e1s de dos d\u00e9cadas se llevan a cabo en forma peri\u00f3dica.<\/p>\n<p>En ese marco naci\u00f3 el primer plan estrat\u00e9gico, hace dos d\u00e9cadas, que busc\u00f3 integrar la ciudad, acercarla a su r\u00edo y las costas, y tambi\u00e9n a descentralizar los servicios para estar m\u00e1s cerca de los vecinos.<\/p>\n<p>Una d\u00e9cada despu\u00e9s se busc\u00f3 integrar a toda la regi\u00f3n metropolitana de Rosario. Y para eso se repensaron algunas de las ideas que se estaban llevando a cabo para comprender a la ciudad como una metr\u00f3polis moderna, integrada a nivel territorial, donde la cultura, la innovaci\u00f3n y las econom\u00edas locales sean verdaderas protagonistas.<\/p>\n<p>Luego de esas dos experiencias, remarcan que es hora de gestionar a una mayor escala, pensando en quienes habitan la ciudad ya que Rosario se expandi\u00f3, creci\u00f3 y se transform\u00f3.<\/p>\n<p>Entre estas propuestas de futuro se encuadran la igualdad de oportunidades, la convivencia; la integraci\u00f3n urbana, una ciudad sin discriminaci\u00f3n, con un desarrollo econ\u00f3mico inclusivo, creadora de trabajo decente para todos y la protecci\u00f3n de los recursos naturales.<\/p>\n<p>Se proyecta a futuro<\/p>\n<p>\u00abSomos una ciudad que se planifica, se piensa a s\u00ed misma y se proyecta a futuro, pero no lo hacemos solamente desde el Estado, sino con una construcci\u00f3n transversal que involucra a todas las instituciones acad\u00e9micas, sindicales y sociales. Queremos comenzar a so\u00f1ar la Rosario del 2030, la Rosario del desarrollo productivo, del turismo, de las nuevas tecnolog\u00edas\u00bb, destac\u00f3 la intendenta M\u00f3nica Fein.<\/p>\n<p>\u00abSomos una ciudad que tiene desaf\u00edos permanentes, que todo el tiempo intenta superarse y siempre va por m\u00e1s. Es por eso que el nuevo plan estrat\u00e9gico es nuestro gran faro de referencia para pensar lo que viene\u00bb, precis\u00f3 la mandataria local.<\/p>\n<p>Y agreg\u00f3: \u00abDesde hace 20 a\u00f1os, Rosario cuenta con planes estrat\u00e9gicos para pensar la ciudad la ciudad a largo plazo, para interpretar los desaf\u00edos del ma\u00f1ana con una mirada m\u00e1s integral y tomar los elementos del presente para interpretar entre todos lo que va a venir. Siempre es bueno poder abstraernos de la coyuntura por un rato, y pensar qu\u00e9 modelo de ciudad queremos para las pr\u00f3ximas generaciones, y a eso debemos hacerlo entre todos\u00bb.<\/p>\n<p>\u00abLa mirada futura debe ser indefectiblemente una mirada metropolitana, que incluya a las ciudades de toda la regi\u00f3n. No tengo dudas de que en el futuro debemos profundizar esta mirada a toda la regi\u00f3n, porque las personas ya no habitan en ciudades, sino en regiones. Se mueven, y eso nos obliga a coordinar m\u00e1s. Tambi\u00e9n creo que todas nuestras pol\u00edticas deben ser sustentables, que m\u00e1s que nunca debemos cuidar nuestra casa com\u00fan, el lugar donde vivimos\u00bb, se explay\u00f3.<\/p>\n<p>\u00abNos comprometimos a desarrollar acciones que mitiguen los efectos del cambio clim\u00e1tico, porque no podemos ser indiferentes con las consecuencias que hoy estamos presenciando. Queremos una ciudad de escala humana que preserva sus recursos naturales y la calidad ambiental en todo su territorio, con el compromiso y la participaci\u00f3n de la ciudadan\u00eda en su conjunto, en el marco del desarrollo sustentable\u00bb, concluy\u00f3 Fein.<\/p>\n<p>Por su parte, el secretario de Planeamiento, Pablo Abalos, resalt\u00f3 la importancia de \u00abdarle continuidad a un proceso que viene llev\u00e1ndose a cabo en Rosario desde hace m\u00e1s de 20 a\u00f1os y es el de tener una mirada colectiva de la ciudad\u00bb.<\/p>\n<p>\u00abEste plan, como los anteriores, tienen una mirada a 10 a\u00f1os, o 12 como en este caso, que nos permitir\u00e1 continuar con proyectos y ajustar a la ciudad a los objetivos de desarrollo sostenible. As\u00ed como el primero hablaba de la transformaci\u00f3n de la costa, la descentralizaci\u00f3n y el sistema de salud; y el segundo sobre la mirada metropolitana, que por ejemplo posibilit\u00f3 la creaci\u00f3n del Ente de Coordinaci\u00f3n Metropolitana (Ecom), que lo integran 26 intendencias y comunas, ahora apostamos a una Rosario a escala local, con mayor presencia en los barrios y a nivel global, a trav\u00e9s del deporte, la convivencia y el turismo\u00bb, apunt\u00f3 Abalos.<\/p>\n<h6>Fuente: La capital<\/h6>\n","protected":false},"excerpt":{"rendered":"<p>Hoy, a las 18.30, se exhibir\u00e1n en el parque Espa\u00f1a estrategias para forjar una ciudad m\u00e1s inclusiva, creativa, sustentable e innovadora.<\/p>\n","protected":false},"author":2,"featured_media":85119,"comment_status":"closed","ping_status":"closed","sticky":false,"template":"","format":"standard","meta":{"footnotes":""},"categories":[2],"tags":[10],"class_list":["post-85118","post","type-post","status-publish","format-standard","has-post-thumbnail","hentry","category-informe-municipal","tag-santa-fe"],"_links":{"self":[{"href":"http:\/\/argentinamunicipal.com.ar\/argentina\/wp-json\/wp\/v2\/posts\/85118","targetHints":{"allow":["GET"]}}],"collection":[{"href":"http:\/\/argentinamunicipal.com.ar\/argentina\/wp-json\/wp\/v2\/posts"}],"about":[{"href":"http:\/\/argentinamunicipal.com.ar\/argentina\/wp-json\/wp\/v2\/types\/post"}],"author":[{"embeddable":true,"href":"http:\/\/argentinamunicipal.com.ar\/argentina\/wp-json\/wp\/v2\/users\/2"}],"replies":[{"embeddable":true,"href":"http:\/\/argentinamunicipal.com.ar\/argentina\/wp-json\/wp\/v2\/comments?post=85118"}],"version-history":[{"count":0,"href":"http:\/\/argentinamunicipal.com.ar\/argentina\/wp-json\/wp\/v2\/posts\/85118\/revisions"}],"wp:featuredmedia":[{"embeddable":true,"href":"http:\/\/argentinamunicipal.com.ar\/argentina\/wp-json\/wp\/v2\/media\/85119"}],"wp:attachment":[{"href":"http:\/\/argentinamunicipal.com.ar\/argentina\/wp-json\/wp\/v2\/media?parent=85118"}],"wp:term":[{"taxonomy":"category","embeddable":true,"href":"http:\/\/argentinamunicipal.com.ar\/argentina\/wp-json\/wp\/v2\/categories?post=85118"},{"taxonomy":"post_tag","embeddable":true,"href":"http:\/\/argentinamunicipal.com.ar\/argentina\/wp-json\/wp\/v2\/tags?post=85118"}],"curies":[{"name":"wp","href":"https:\/\/api.w.org\/{rel}","templated":true}]}}