{"id":85462,"date":"2019-01-02T07:26:41","date_gmt":"2019-01-02T10:26:41","guid":{"rendered":"http:\/\/argentinamunicipal.com.ar\/argentina\/?p=85462"},"modified":"2019-01-02T07:26:41","modified_gmt":"2019-01-02T10:26:41","slug":"la-uom-rosario-advierte-que-hay-5-mil-empleos-en-riesgo","status":"publish","type":"post","link":"http:\/\/argentinamunicipal.com.ar\/argentina\/la-uom-rosario-advierte-que-hay-5-mil-empleos-en-riesgo\/","title":{"rendered":"La UOM Rosario advierte que hay 5 mil empleos en riesgo"},"content":{"rendered":"<p>El secretario general del gremio record\u00f3 que el a\u00f1o pasado se perdieron 1.500 puestos. Crece el alerta por los cierres y despidos en la provincia.<\/p>\n<p>El secretario general de la Uni\u00f3n Obrera Metal\u00fargica (UOM) seccional Rosario, Antonio Donello, advirti\u00f3 que, como consecuencia de la pol\u00edtica econ\u00f3mica nacional, su sector perdi\u00f3 1.500 puestos de trabajo en la regi\u00f3n durante el a\u00f1o pasado y \u00abest\u00e1n en riesgo otros 5.000\u00bb.<\/p>\n<p>\u00abEn el arranque del a\u00f1o tenemos unos 5.000 compa\u00f1eros en riesgo por crisis de empresas, en la l\u00ednea blanca, en carrocer\u00edas y fundiciones\u00bb, se\u00f1al\u00f3 Donello en declaraciones al programa \u00abProcopio 830\u00bb, que se emite por La Ocho. Explic\u00f3 que 2018 fue \u00abmuy negativo para el gremio y para los industriales\u00bb y advirti\u00f3: \u00abEstamos preocupados por lo que se viene, que no va a ser mejor a lo que se va\u00bb.<\/p>\n<p>\u00abEl 2019 ser\u00e1 un a\u00f1o de ajuste, en el que el gobierno deber\u00e1 pagar la deuda externa que tom\u00f3, y eso significa un a\u00f1o de achique y de p\u00e9rdida del poder adquisitivo\u00bb, asegur\u00f3 el titular de la UOM.<\/p>\n<p>Tambi\u00e9n se mostr\u00f3 preocupado por la industria automotriz, ya que \u00absi Smata tiene problemas en fabricar y vender autos, la UOM va a tener problema con los autopartistas\u00bb.<\/p>\n<p>En el caso de la l\u00ednea blanca, las empresas contabilizaron ca\u00edda de ventas del orden del 30 por ciento en el a\u00f1o. Seg\u00fan el titular de la f\u00e1brica de heladeras rosarina Bricket y dirigente de la C\u00e1mara Argentina de la Industria de la Refrigeraci\u00f3n y Aire Acondicionados (Caira), Roberto Lenzi, el panorama desolador: \u00abEsta \u00e9poca es hist\u00f3ricamente una temporada alta para nuestras f\u00e1bricas, y sin embargo las plantas est\u00e1n paradas o trabajando a media m\u00e1quina, nunca sucedi\u00f3 algo as\u00ed\u00bb.\u2560<\/p>\n<p>Seg\u00fan la Federaci\u00f3n Industrial de Santa Fe (Fisfe), la actividad industrial en la provincia termin\u00f3 2018 con una \u00abmarcada retracci\u00f3n\u00bb. En noviembre la producci\u00f3n fabril disminuy\u00f3 6,1 por ciento interanual, mientras que en la medici\u00f3n acumulada de los once meses del a\u00f1o la ca\u00edda trep\u00f3 a 2,8 por ciento respecto al mismo per\u00edodo del a\u00f1o anterior. La industria automotriz y el sector de minerales no met\u00e1licos fueron los que mostraron las bajas m\u00e1s pronunciadas.<\/p>\n<p><strong>La crisis se profundiza<\/strong><\/p>\n<p>Sobre el final de a\u00f1o, el panorama laboral en la regi\u00f3n se complic\u00f3 con nuevas cesant\u00edas. \u00abLos despidos en la F\u00e1brica Militar de Fray Luis Beltr\u00e1n y el cierre del frigor\u00edfico La Florida, dejando 25 personas en el agujero negro de la desocupaci\u00f3n, parecen anunciar lo que ser\u00e1n los primeros meses de 2019\u00bb, advirti\u00f3 el diputado provincial del Frente Social y Popular (FSP) Carlos Del Frade. Y areng\u00f3: \u00abSer\u00e1 necesaria una pelea amplia y multisectorial para enfrentar semejante nivel de perversi\u00f3n\u00bb.<\/p>\n<p>En el departamento Caseros, donde emblem\u00e1ticas f\u00e1bricas est\u00e1n en crisis, se cre\u00f3 un foro en defensa del trabajo y la producci\u00f3n. La diputada provincial Claudia Giaccone, que lo integra, adelant\u00f3 que pidi\u00f3 una audiencia con el ministro de Producci\u00f3n de la Naci\u00f3n, Dante Sica, para pedirle que evite el cierre de \u00abempresas hist\u00f3ricas\u00bb.<\/p>\n<p>Seg\u00fan la UOM de Casilda, m\u00e1s de 500 obreros en el departamento Caseros corren el riesgo de perder su empleo. \u00abHay varias empresas que la vienen pagando mal a sus trabajadores, se amenaza en enero con suspensiones\u00bb, advirti\u00f3 Giaccone.<\/p>\n<p>La crisis se derrama. Sergio Ricupero, secretario general del sindicato local de gastron\u00f3micos, indic\u00f3 que la ca\u00edda del consumo impact\u00f3 en su actividad, ya que \u00abla ca\u00edda fue enorme e hizo perder puestos de trabajo y entrar en crisis a muchas empresas\u00bb.<\/p>\n<h6>Fuente: La Capital<\/h6>\n","protected":false},"excerpt":{"rendered":"<p>El secretario general del gremio record\u00f3 que el a\u00f1o pasado se perdieron 1.500 puestos. Crece el alerta por los cierres y despidos en la provincia.<\/p>\n","protected":false},"author":2,"featured_media":85463,"comment_status":"closed","ping_status":"closed","sticky":false,"template":"","format":"standard","meta":{"footnotes":""},"categories":[2],"tags":[10],"class_list":["post-85462","post","type-post","status-publish","format-standard","has-post-thumbnail","hentry","category-informe-municipal","tag-santa-fe"],"_links":{"self":[{"href":"http:\/\/argentinamunicipal.com.ar\/argentina\/wp-json\/wp\/v2\/posts\/85462","targetHints":{"allow":["GET"]}}],"collection":[{"href":"http:\/\/argentinamunicipal.com.ar\/argentina\/wp-json\/wp\/v2\/posts"}],"about":[{"href":"http:\/\/argentinamunicipal.com.ar\/argentina\/wp-json\/wp\/v2\/types\/post"}],"author":[{"embeddable":true,"href":"http:\/\/argentinamunicipal.com.ar\/argentina\/wp-json\/wp\/v2\/users\/2"}],"replies":[{"embeddable":true,"href":"http:\/\/argentinamunicipal.com.ar\/argentina\/wp-json\/wp\/v2\/comments?post=85462"}],"version-history":[{"count":0,"href":"http:\/\/argentinamunicipal.com.ar\/argentina\/wp-json\/wp\/v2\/posts\/85462\/revisions"}],"wp:featuredmedia":[{"embeddable":true,"href":"http:\/\/argentinamunicipal.com.ar\/argentina\/wp-json\/wp\/v2\/media\/85463"}],"wp:attachment":[{"href":"http:\/\/argentinamunicipal.com.ar\/argentina\/wp-json\/wp\/v2\/media?parent=85462"}],"wp:term":[{"taxonomy":"category","embeddable":true,"href":"http:\/\/argentinamunicipal.com.ar\/argentina\/wp-json\/wp\/v2\/categories?post=85462"},{"taxonomy":"post_tag","embeddable":true,"href":"http:\/\/argentinamunicipal.com.ar\/argentina\/wp-json\/wp\/v2\/tags?post=85462"}],"curies":[{"name":"wp","href":"https:\/\/api.w.org\/{rel}","templated":true}]}}