{"id":857,"date":"2014-02-12T23:01:35","date_gmt":"2014-02-13T02:01:35","guid":{"rendered":"http:\/\/argentinamunicipal.com.ar\/argentina\/?p=857"},"modified":"2014-02-19T11:52:43","modified_gmt":"2014-02-19T14:52:43","slug":"intendente-de-rio-grande-advirtio-sobre-un-nuevo-ataque-de-las-corporaciones-importadoras","status":"publish","type":"post","link":"http:\/\/argentinamunicipal.com.ar\/argentina\/intendente-de-rio-grande-advirtio-sobre-un-nuevo-ataque-de-las-corporaciones-importadoras\/","title":{"rendered":"Intendente de R\u00edo Grande advirti\u00f3 sobre \u00abun nuevo ataque de las corporaciones importadoras\u00bb"},"content":{"rendered":"<p><a href=\"http:\/\/argentinamunicipal.com.ar\/argentina\/wp-content\/uploads\/2014\/02\/255196.jpg\"><img loading=\"lazy\" decoding=\"async\" class=\"aligncenter size-full wp-image-858\" alt=\"255196\" src=\"http:\/\/argentinamunicipal.com.ar\/argentina\/wp-content\/uploads\/2014\/02\/255196.jpg\" width=\"612\" height=\"390\" srcset=\"http:\/\/argentinamunicipal.com.ar\/argentina\/wp-content\/uploads\/2014\/02\/255196.jpg 612w, http:\/\/argentinamunicipal.com.ar\/argentina\/wp-content\/uploads\/2014\/02\/255196-300x191.jpg 300w\" sizes=\"auto, (max-width: 612px) 100vw, 612px\" \/><\/a><\/p>\n<p>\u201cTodo lo que se deje de fabricar en Tierra del Fuego, seguramente se va a tener que importar, y de \u00e9sta manera se atentar\u00e1 contra miles de puestos laborales\u201d, advirti\u00f3 el intendente de la ciudad de R\u00edo Grande, Gustavo Melella, saliendo as\u00ed al cruce de las versiones period\u00edsticas que afirman que desde el Gobierno Nacional se aplicar\u00eda un ajuste en la actividad industrial que se desarrolla en Tierra del Fuego, amparada en la Ley 19640 de promoci\u00f3n fiscal.<\/p>\n<p>\u201cLo que no han entendido algunos, principalmente en Buenos Aires, es que toda la Tierra del Fuego est\u00e1 bajo el amparo de la ley de promoci\u00f3n fiscal, todas las actividades econ\u00f3micas e industriales, no solamente las electr\u00f3nicas, y medidas del tipo que algunos sectores intentan instalar conspiran contra la continuidad de miles de puestos laborales\u201d, insisti\u00f3 el Jefe Comunal.<\/p>\n<p>En este sentido, Melella entendi\u00f3 que el Gobierno nacional que propici\u00f3 y defendi\u00f3 la ley de sustituci\u00f3n de importaciones \u00abno va a ir en contra de esa medida favoreciendo a los grupos especuladores de siempre, dejando de lado un crecimiento industrial que favoreci\u00f3 en la creaci\u00f3n de miles de puestos de trabajo\u00bb.<\/p>\n<p>\u201cEs sabido adem\u00e1s que todo lo que se deje de fabricar en Tierra del Fuego seguramente se va a tener que importar, y este es seguro el deseo de los grandes importadores, a los que s\u00f3lo les interesa sus ganancias por sobre el mantenimiento de la mano de obra local\u201d, advirti\u00f3 el Intendente Melella.<\/p>\n<p>Por eso, el Intendente dud\u00f3 de la veracidad de la informaci\u00f3n period\u00edstica surgida de fuentes y supuestos, al recordar que d\u00edas atr\u00e1s el propio Jefe del Gabinete Nacional, Jorge Capitanich, hab\u00eda asegurado a la gobernadora Fabiana R\u00edos que el r\u00e9gimen de promoci\u00f3n industrial y fiscal no iba a sufrir modificaciones.<\/p>\n<p>\u201cEste es un nuevo ataque de las corporaciones importadoras que quieren volver a tener ganancias siderales a costa del esfuerzo del pueblo argentino, y ahora, a trav\u00e9s de medios de comunicaci\u00f3n afines intentan menoscabar lo logrado en la industria local\u201d, recalc\u00f3 Melella quien adem\u00e1s solicit\u00f3 \u201ca los funcionarios nacionales que presten mucha atenci\u00f3n y sepan que la ley 19640 no solo es una ley que ampara a la industria electr\u00f3nica, sino que cubre toda la vida econ\u00f3mica de Tierra del Fuego, por ende su vida social. Por eso el Gobierno Nacional debe mantener la postura de no dejarse torcer el brazo por estos grupos minoritarios que ponen siempre su bienestar por encima del bien com\u00fan del pueblo argentino, y en particular, en este caso, por el del pueblo fueguino\u201d.<\/p>\n<p>Por lo cual, al mismo tiempo subray\u00f3 que es necesario que en Tierra de Fuego \u201ctengamos la certeza que este rumbo no sufrir\u00e1 modificaciones, por respeto a los ciudadanos de Tierra del Fuego, a tantas familias de todo el pa\u00eds que ven en el desarrollo de nuestra provincia una posibilidad para mejorar su calidad de vida; por respeto a los puestos genuinos de trabajo; y por las inversiones que est\u00e1n en marcha\u201d.<\/p>\n<p>En cuanto al sector empresario, el profesor Melella insisti\u00f3 en su pedido porque la industria local se adec\u00fae a los tiempos actuales y aumenten la utilizaci\u00f3n de insumos nacionales, ampliando la sustituci\u00f3n de importaciones en favor de la producci\u00f3n nacional.<\/p>\n<pre>Fuente: Sur 54<\/pre>\n","protected":false},"excerpt":{"rendered":"<p>\u201cTodo lo que se deje de fabricar en Tierra del Fuego, seguramente se va a tener que importar, y de \u00e9sta manera se atentar\u00e1 contra miles de puestos laborales\u201d, advirti\u00f3 el intendente de la ciudad de R\u00edo Grande, Gustavo Melella, saliendo as\u00ed al cruce de las versiones period\u00edsticas que afirman que desde el Gobierno Nacional<\/p>\n","protected":false},"author":1,"featured_media":858,"comment_status":"closed","ping_status":"closed","sticky":false,"template":"","format":"standard","meta":{"footnotes":""},"categories":[5],"tags":[21,34],"class_list":["post-857","post","type-post","status-publish","format-standard","has-post-thumbnail","hentry","category-informe-economico","tag-argentina","tag-tierra-del-fuego"],"_links":{"self":[{"href":"http:\/\/argentinamunicipal.com.ar\/argentina\/wp-json\/wp\/v2\/posts\/857","targetHints":{"allow":["GET"]}}],"collection":[{"href":"http:\/\/argentinamunicipal.com.ar\/argentina\/wp-json\/wp\/v2\/posts"}],"about":[{"href":"http:\/\/argentinamunicipal.com.ar\/argentina\/wp-json\/wp\/v2\/types\/post"}],"author":[{"embeddable":true,"href":"http:\/\/argentinamunicipal.com.ar\/argentina\/wp-json\/wp\/v2\/users\/1"}],"replies":[{"embeddable":true,"href":"http:\/\/argentinamunicipal.com.ar\/argentina\/wp-json\/wp\/v2\/comments?post=857"}],"version-history":[{"count":0,"href":"http:\/\/argentinamunicipal.com.ar\/argentina\/wp-json\/wp\/v2\/posts\/857\/revisions"}],"wp:featuredmedia":[{"embeddable":true,"href":"http:\/\/argentinamunicipal.com.ar\/argentina\/wp-json\/wp\/v2\/media\/858"}],"wp:attachment":[{"href":"http:\/\/argentinamunicipal.com.ar\/argentina\/wp-json\/wp\/v2\/media?parent=857"}],"wp:term":[{"taxonomy":"category","embeddable":true,"href":"http:\/\/argentinamunicipal.com.ar\/argentina\/wp-json\/wp\/v2\/categories?post=857"},{"taxonomy":"post_tag","embeddable":true,"href":"http:\/\/argentinamunicipal.com.ar\/argentina\/wp-json\/wp\/v2\/tags?post=857"}],"curies":[{"name":"wp","href":"https:\/\/api.w.org\/{rel}","templated":true}]}}