{"id":8605,"date":"2014-05-30T06:48:50","date_gmt":"2014-05-30T09:48:50","guid":{"rendered":"http:\/\/argentinamunicipal.com.ar\/argentina\/?p=8605"},"modified":"2014-05-29T21:50:34","modified_gmt":"2014-05-30T00:50:34","slug":"america-latina-defiende-el-empleo-el-salario-y-la-proteccion-social","status":"publish","type":"post","link":"http:\/\/argentinamunicipal.com.ar\/argentina\/america-latina-defiende-el-empleo-el-salario-y-la-proteccion-social\/","title":{"rendered":"\u201cAm\u00e9rica Latina defiende el empleo, el salario y la protecci\u00f3n social\u201d"},"content":{"rendered":"<p><a href=\"http:\/\/argentinamunicipal.com.ar\/argentina\/wp-content\/uploads\/2014\/05\/53870455cea24_260x173.jpg\"><img loading=\"lazy\" decoding=\"async\" class=\"alignright size-full wp-image-8606\" src=\"http:\/\/argentinamunicipal.com.ar\/argentina\/wp-content\/uploads\/2014\/05\/53870455cea24_260x173.jpg\" alt=\"53870455cea24_260x173\" width=\"260\" height=\"173\" \/><\/a>As\u00ed lo asegur\u00f3 el ministro de Trabajo, Carlos Tomada, y agreg\u00f3 que los pa\u00edses emergentes de Am\u00e9rica latina \u00abresisten\u00bb las pol\u00edticas de \u00abajuste permanente y desempleo\u00bb que imperan en otras partes del mundo.<br \/>\nTomada lo expres\u00f3 al reunirse con el director general de la Organizaci\u00f3n Internacional del Trabajo (OIT), Guy Ryder, luego de participar de la apertura de la 103 Conferencia Internacional del Trabajo que se realiza en Ginebra, Suiza.<\/p>\n<p>Durante el encuentro con Ryder, el titular de la cartera laboral consider\u00f3 que \u201cen la actualidad, m\u00e1s que una crisis financiera o econ\u00f3mica, el mundo est\u00e1 viviendo una crisis de empleo\u201d, y agreg\u00f3: \u201cEso se constata en cualquier reuni\u00f3n formal o informal en la OIT\u201d.<\/p>\n<p>En ese sentido, destac\u00f3 que \u201cel ajuste permanente y el desempleo, como su correlato y disciplinador social, son los instrumentos que recorren el mundo desarrollado mientras que los pa\u00edses emergentes de Am\u00e9rica latina resisten esas pol\u00edticas y defienden el empleo, el salario y la protecci\u00f3n social\u201d.<\/p>\n<p>A su turno, Ryder resalt\u00f3 que la Argentina ha creado millones de puestos de trabajo, la negociaci\u00f3n colectiva en los sectores p\u00fablico y privado, la fijaci\u00f3n tripartita del salario m\u00ednimo y el reconocimiento de la actividad sindical en sus diversas formas, inform\u00f3 el Ministerio de Trabajo.<\/p>\n<p>Con respecto a la ratificaci\u00f3n del Convenio sobre el Trabajo Mar\u00edtimo en la OIT por parte del Estado argentino, Ryder sostuvo que \u201cconstituye un importante impulso a la actividad naviera con miras a promover y hacer realidad el trabajo decente para toda la gente de mar y la competencia leal para los armadores\u201d.<\/p>\n<p>Al respecto, Tomada aseguro que \u201cen la Argentina la ratificaci\u00f3n parlamentaria de este hist\u00f3rico convenio la convierte en una de las 35 leyes que en estos \u00faltimos 11 a\u00f1os se han impulsado en favor del trabajo y los trabajadores\u201d.<\/p>\n<p>La Argentina es uno de los primeros pa\u00edses de Am\u00e9rica latina en haber ratificado este hist\u00f3rico Convenio. De esta manera, ya son 80 los acuerdos ratificados por nuestro pa\u00eds y es la quinta ratificaci\u00f3n de Convenios de la OIT en el a\u00f1o pasado, informaron desde la cartera laboral en un comunicado.<\/p>\n<p>La conferencia anual de la OIT, presidida este a\u00f1o por el argentino Daniel Funes de Rioja, tiene como temas centrales la migraci\u00f3n, las pol\u00edticas para el empleo, las estrategias contra la informalidad y el fortalecimiento de la convenci\u00f3n sobre el trabajo forzoso.<\/p>\n<p>Argentina expondr\u00e1 en la conferencia, entre otras cosas, los alcances de la reciente Ley de Promoci\u00f3n del Empleo Registrado y Prevenci\u00f3n del Fraude Laboral, aprobada recientemente y por amplia mayor\u00eda en el Congreso de la Naci\u00f3n.<\/p>\n<h6>Fuente: T\u00e9lam<\/h6>\n","protected":false},"excerpt":{"rendered":"<p>As\u00ed lo asegur\u00f3 el ministro de Trabajo, Carlos Tomada, y agreg\u00f3 que los pa\u00edses emergentes de Am\u00e9rica latina \u00abresisten\u00bb las pol\u00edticas de \u00abajuste permanente y desempleo\u00bb que imperan en otras partes del mundo. Tomada lo expres\u00f3 al reunirse con el director general de la Organizaci\u00f3n Internacional del Trabajo (OIT), Guy Ryder, luego de participar de<\/p>\n","protected":false},"author":1,"featured_media":8606,"comment_status":"closed","ping_status":"closed","sticky":false,"template":"","format":"standard","meta":{"footnotes":""},"categories":[22],"tags":[21,57],"class_list":["post-8605","post","type-post","status-publish","format-standard","has-post-thumbnail","hentry","category-el-mundo","tag-argentina","tag-el-mundo"],"_links":{"self":[{"href":"http:\/\/argentinamunicipal.com.ar\/argentina\/wp-json\/wp\/v2\/posts\/8605","targetHints":{"allow":["GET"]}}],"collection":[{"href":"http:\/\/argentinamunicipal.com.ar\/argentina\/wp-json\/wp\/v2\/posts"}],"about":[{"href":"http:\/\/argentinamunicipal.com.ar\/argentina\/wp-json\/wp\/v2\/types\/post"}],"author":[{"embeddable":true,"href":"http:\/\/argentinamunicipal.com.ar\/argentina\/wp-json\/wp\/v2\/users\/1"}],"replies":[{"embeddable":true,"href":"http:\/\/argentinamunicipal.com.ar\/argentina\/wp-json\/wp\/v2\/comments?post=8605"}],"version-history":[{"count":0,"href":"http:\/\/argentinamunicipal.com.ar\/argentina\/wp-json\/wp\/v2\/posts\/8605\/revisions"}],"wp:featuredmedia":[{"embeddable":true,"href":"http:\/\/argentinamunicipal.com.ar\/argentina\/wp-json\/wp\/v2\/media\/8606"}],"wp:attachment":[{"href":"http:\/\/argentinamunicipal.com.ar\/argentina\/wp-json\/wp\/v2\/media?parent=8605"}],"wp:term":[{"taxonomy":"category","embeddable":true,"href":"http:\/\/argentinamunicipal.com.ar\/argentina\/wp-json\/wp\/v2\/categories?post=8605"},{"taxonomy":"post_tag","embeddable":true,"href":"http:\/\/argentinamunicipal.com.ar\/argentina\/wp-json\/wp\/v2\/tags?post=8605"}],"curies":[{"name":"wp","href":"https:\/\/api.w.org\/{rel}","templated":true}]}}