{"id":86498,"date":"2019-02-01T06:46:25","date_gmt":"2019-02-01T09:46:25","guid":{"rendered":"http:\/\/argentinamunicipal.com.ar\/argentina\/?p=86498"},"modified":"2019-02-01T06:46:25","modified_gmt":"2019-02-01T09:46:25","slug":"trabajadores-del-centro-atomico-ezeiza-en-alerta-por-ajuste-y-despidos","status":"publish","type":"post","link":"http:\/\/argentinamunicipal.com.ar\/argentina\/trabajadores-del-centro-atomico-ezeiza-en-alerta-por-ajuste-y-despidos\/","title":{"rendered":"Trabajadores del Centro At\u00f3mico Ezeiza en alerta por ajuste y despidos"},"content":{"rendered":"<p>Llevar\u00e1n a cabo una movilizaci\u00f3n este viernes por la tarde. Denuncian un plan de vaciamiento por parte de las autoridades nacionales.<\/p>\n<p>El gobierno nacional suspendi\u00f3 el acuerdo con la Rep\u00fablica Popular China para la construcci\u00f3n de la cuarta y quinta centrales nucleares. Esa decisi\u00f3n pol\u00edtica es consecuencia de los acuerdos de reducci\u00f3n del d\u00e9ficit fiscal impuesto por el FMI, aseguran los\u00a0trabajadores vinculados a la energ\u00eda at\u00f3mica.<\/p>\n<p>En ese orden, denunciaron que avanza el\u00a0plan de vaciamiento\u00a0y la concreci\u00f3n de\u00a0casi 3000 despidos\u00a0en el Complejo Nuclear Atucha y cientos en PIAP (Neuqu\u00e9n), Dioxitek (C\u00f3rdoba), Conuar (Ezeiza), entre otras.<\/p>\n<p>Por esa raz\u00f3n, trabajadores de\u00a0Conuar\u00a0llevar\u00e1n a cabo este viernes una movilizaci\u00f3n y banderazo. Lo har\u00e1n para visibilizar los recientes despidos que son parte del plan de ajuste que, seg\u00fan denunciaron, \u201cplantea\u00a0un definitivo desmantelamiento de la soberan\u00eda energ\u00e9tica\u00a0estrat\u00e9gica por el ajuste del Plan Nuclear que se viene deteriorando\u00bb.<\/p>\n<p>La convocatoria es para este viernes 1 de febrero a las 17\u00a0en el predio de la AFA en la autopista Richieri contra las medidas de las empresas y el gobierno nacional<\/p>\n<h6>Fuente: InfoNews<\/h6>\n","protected":false},"excerpt":{"rendered":"<p>Llevar\u00e1n a cabo una movilizaci\u00f3n este viernes por la tarde. Denuncian un plan de vaciamiento por parte de las autoridades nacionales.<\/p>\n","protected":false},"author":2,"featured_media":86499,"comment_status":"closed","ping_status":"closed","sticky":false,"template":"","format":"standard","meta":{"footnotes":""},"categories":[2],"tags":[12],"class_list":["post-86498","post","type-post","status-publish","format-standard","has-post-thumbnail","hentry","category-informe-municipal","tag-buenos-aires"],"_links":{"self":[{"href":"http:\/\/argentinamunicipal.com.ar\/argentina\/wp-json\/wp\/v2\/posts\/86498","targetHints":{"allow":["GET"]}}],"collection":[{"href":"http:\/\/argentinamunicipal.com.ar\/argentina\/wp-json\/wp\/v2\/posts"}],"about":[{"href":"http:\/\/argentinamunicipal.com.ar\/argentina\/wp-json\/wp\/v2\/types\/post"}],"author":[{"embeddable":true,"href":"http:\/\/argentinamunicipal.com.ar\/argentina\/wp-json\/wp\/v2\/users\/2"}],"replies":[{"embeddable":true,"href":"http:\/\/argentinamunicipal.com.ar\/argentina\/wp-json\/wp\/v2\/comments?post=86498"}],"version-history":[{"count":0,"href":"http:\/\/argentinamunicipal.com.ar\/argentina\/wp-json\/wp\/v2\/posts\/86498\/revisions"}],"wp:featuredmedia":[{"embeddable":true,"href":"http:\/\/argentinamunicipal.com.ar\/argentina\/wp-json\/wp\/v2\/media\/86499"}],"wp:attachment":[{"href":"http:\/\/argentinamunicipal.com.ar\/argentina\/wp-json\/wp\/v2\/media?parent=86498"}],"wp:term":[{"taxonomy":"category","embeddable":true,"href":"http:\/\/argentinamunicipal.com.ar\/argentina\/wp-json\/wp\/v2\/categories?post=86498"},{"taxonomy":"post_tag","embeddable":true,"href":"http:\/\/argentinamunicipal.com.ar\/argentina\/wp-json\/wp\/v2\/tags?post=86498"}],"curies":[{"name":"wp","href":"https:\/\/api.w.org\/{rel}","templated":true}]}}