{"id":86501,"date":"2019-02-01T06:49:30","date_gmt":"2019-02-01T09:49:30","guid":{"rendered":"http:\/\/argentinamunicipal.com.ar\/argentina\/?p=86501"},"modified":"2019-02-01T06:49:30","modified_gmt":"2019-02-01T09:49:30","slug":"el-negacionista-que-quiere-ser-candidato","status":"publish","type":"post","link":"http:\/\/argentinamunicipal.com.ar\/argentina\/el-negacionista-que-quiere-ser-candidato\/","title":{"rendered":"El negacionista que quiere ser candidato"},"content":{"rendered":"<p>El ex ministro de Cultura \u201cest\u00e1 decidido en un 95 por ciento\u201d \u2013dicen en su entorno\u2013 a postularse por el oficialismo para la Jefatura del Gobierno de la Ciudad. Quiere participar de una elecci\u00f3n interna de Cambiemos para representar al sector autodenominado liberal.<\/p>\n<p>Cuando ya parec\u00eda que se hab\u00eda visto todo en Cambiemos porte\u00f1o, apareci\u00f3 un candidato dispuesto a enfrentar a Horacio Rodr\u00edguez Larreta en una interna para ser jefe de gobierno. No, no se trata de Mart\u00edn Lousteau. Quien est\u00e1 carreteando para desafiar a Larreta es su ex ministro de Cultura Dar\u00edo Lop\u00e9rfido, quien debi\u00f3 abandonar el cargo luego de cuestionar el n\u00famero de desaparecidos en la \u00faltima dictadura y asegurar que la cifra se infl\u00f3 para conseguir dinero. Lop\u00e9rfido fue agregado cultural en Alemania, cargo del que tambi\u00e9n fue eyectado. Ahora est\u00e1 pensando en desembarcar en la Ciudad y en la interna. \u201cEst\u00e1 decidido en un 95 por ciento\u201d, dicen en su entorno.<\/p>\n<p>La primera se\u00f1al de que Lop\u00e9rfido no se da por vencido luego de los escraches y repudios que lo sacaron de la carrera p\u00fablica ocurri\u00f3 hace algunos d\u00edas, cuando volvi\u00f3 a crear una cuenta de Twitter: @LoperfidoDario.<\/p>\n<p>Desde all\u00ed, empez\u00f3 a retuitear encuestas web que lo ubican como posible candidato a jefe de gobierno junto con Lousteau y Larreta (y lo dan gan\u00e1ndole a ambos). Tambi\u00e9n les dio difusi\u00f3n a cuestionamientos a las Madres de Plaza de Mayo, como para mostrar que no perdi\u00f3 las ma\u00f1as.<\/p>\n<p>Pero el tuit m\u00e1s picante se lo dedic\u00f3 al jefe de gobierno del que fue funcionario: \u201cHola, Horacio Larreta. Nosotros no nos llevamos bien, pero puedo tener un gesto: no te convienen las remeras. Te quedan mal. Hay cosas que no se pueden solucionar, pero es as\u00ed. En serio, abandonalas. Te va a venir bien. Camisa celeste\/blanca y ya. Creeme que es por tu bien. Cari\u00f1os??\u201d, escribi\u00f3.<\/p>\n<p>Tambi\u00e9n dedic\u00f3 algunos tuits a Venezuela: \u201cQue verg\u00fcenza los que defienden a Maduro. Millones de exiliados, torturas, opositores presos, corrupci\u00f3n. Los progres que defienden dictaduras. Son profundamente indecentes. Todo remite a civilizaci\u00f3n o barbarie. Siempre\u201d. \u201cSon los mismos que hablan de Milagro Sala y nunca les importaron los muertos de Once. Los nietos de los que gustaban de Stalin mientras mataba millones\u201d, sostuvo, reviviendo discusiones de la Guerra Fr\u00eda.<\/p>\n<p>Quien est\u00e1 motorizando su campa\u00f1a desde Buenos Aires es el liberal Yamil Santoro. \u201cEst\u00e1 un 95 por ciento cerrado. Es muy probable que Dar\u00edo sea candidato en la Ciudad de Buenos Aires\u201d, sostuvo Santoro ante P\u00e1ginaI12. \u201cEstamos conversando con Dar\u00edo todos los d\u00edas y trabajando para que se presente a candidato como jefe de gobierno\u201d. \u00bfPor dentro de Cambiemos porte\u00f1o? \u201cEsa es la intenci\u00f3n y la propuesta que venimos haciendo. Si no habilitan la interna, competir\u00edamos por fuera, ya que la finalidad es que haya representaci\u00f3n liberal compitiendo en estas elecciones. Es un proyecto con una agenda de centroderecha competitiva\u201d, indic\u00f3. Al apoyo que le pueda sumar Santoro se podr\u00edan agregar otros sectores arcaicos como el Partido Autonomista Nacional (PAN), que supo tener como l\u00edder a Jos\u00e9 Antonio Romero Feris. Hay rumores tambi\u00e9n de un di\u00e1logo con el economista neoliberal Jos\u00e9 Luis Espert. Todos coinciden en que la propuesta de Larreta es \u201cdemasiado populista\u201d.<\/p>\n<p>Desde el gobierno porte\u00f1o indicaron a este diario el nivel de seriedad con la que consideran esta posible competencia: \u201cNinguna\u201d, fue la respuesta fulminante.<\/p>\n<p>El regreso de Lop\u00e9rfido a Buenos Aires para hacer campa\u00f1a tal vez le traiga recuerdos de los repudios que recibi\u00f3 por su frase sobre la \u00faltima dictadura: \u201cEn Argentina no hubo 30 mil desaparecidos, se arregl\u00f3 ese n\u00famero en una mesa cerrada para obtener subsidios\u201d, escupi\u00f3 sobre los familiares de las v\u00edctimas del terrorismo de Estado.<\/p>\n<p>El ex vocero de Fernando de la R\u00faa y ex integrante del grupo Sushi nunca se retract\u00f3 de esa frase. Por el contrario, sigui\u00f3 alimentando la pol\u00e9mica: \u201cSi los militares cometieron un error enorme, fue no hacer un proceso legal. En los 70 hubo muertos por dos bandas armadas donde la gente estaba en el medio\u201d, reedit\u00f3 la teor\u00eda de los dos demonios. Todo esto le trajo una pol\u00e9mica no deseada a Larreta, que debi\u00f3 sufrir escraches y repudios de amplios sectores de la cultura contra su ministro. En cada acto que iba, le ped\u00edan su renuncia.<\/p>\n<p>Finalmente, Larreta le pidi\u00f3 que diera un paso al costado, algo que \u2013al parecer\u2013 Lop\u00e9rfido no perdona. En ese momento, el ministro porte\u00f1o dio a entender que en otros pa\u00edses lo requer\u00edan para proyectos culturales mientras ac\u00e1 lo repudiaban. Pronto se supo que, en verdad, se iba como agregado cultural en Alemania con un sueldo de 13 mil d\u00f3lares. Ocup\u00f3 ese cargo hasta 2018, cuando lo hicieron cesar en sus funciones, una semana despu\u00e9s de que se conociera su separaci\u00f3n de Esmeralda Mitre, hija de uno de los due\u00f1os del diario La Naci\u00f3n.<\/p>\n<p>Lop\u00e9rfido reapareci\u00f3 hace poco para volver a negar los 30 mil, pero en este caso eran los 30 mil pesos que aparec\u00eda donando en los registros de la campa\u00f1a de Cambiemos en 2015. As\u00ed se sum\u00f3 a la causa de los aportantes truchos. Cuando dej\u00f3 el cargo estatal, dijo que se quedar\u00eda a vivir en Berl\u00edn, vinculado al mundo privado. Unos meses m\u00e1s tarde, ya est\u00e1 prepar\u00e1ndose para volver a la actividad p\u00fablica.<\/p>\n<h6>Fuente: P\u00e1gina 12<\/h6>\n","protected":false},"excerpt":{"rendered":"<p>El ex ministro de Cultura \u201cest\u00e1 decidido en un 95 por ciento\u201d \u2013dicen en su entorno\u2013 a postularse por el oficialismo para la Jefatura del Gobierno de la Ciudad.<\/p>\n","protected":false},"author":2,"featured_media":86502,"comment_status":"closed","ping_status":"closed","sticky":false,"template":"","format":"standard","meta":{"footnotes":""},"categories":[4],"tags":[12],"class_list":["post-86501","post","type-post","status-publish","format-standard","has-post-thumbnail","hentry","category-informe-politico","tag-buenos-aires"],"_links":{"self":[{"href":"http:\/\/argentinamunicipal.com.ar\/argentina\/wp-json\/wp\/v2\/posts\/86501","targetHints":{"allow":["GET"]}}],"collection":[{"href":"http:\/\/argentinamunicipal.com.ar\/argentina\/wp-json\/wp\/v2\/posts"}],"about":[{"href":"http:\/\/argentinamunicipal.com.ar\/argentina\/wp-json\/wp\/v2\/types\/post"}],"author":[{"embeddable":true,"href":"http:\/\/argentinamunicipal.com.ar\/argentina\/wp-json\/wp\/v2\/users\/2"}],"replies":[{"embeddable":true,"href":"http:\/\/argentinamunicipal.com.ar\/argentina\/wp-json\/wp\/v2\/comments?post=86501"}],"version-history":[{"count":0,"href":"http:\/\/argentinamunicipal.com.ar\/argentina\/wp-json\/wp\/v2\/posts\/86501\/revisions"}],"wp:featuredmedia":[{"embeddable":true,"href":"http:\/\/argentinamunicipal.com.ar\/argentina\/wp-json\/wp\/v2\/media\/86502"}],"wp:attachment":[{"href":"http:\/\/argentinamunicipal.com.ar\/argentina\/wp-json\/wp\/v2\/media?parent=86501"}],"wp:term":[{"taxonomy":"category","embeddable":true,"href":"http:\/\/argentinamunicipal.com.ar\/argentina\/wp-json\/wp\/v2\/categories?post=86501"},{"taxonomy":"post_tag","embeddable":true,"href":"http:\/\/argentinamunicipal.com.ar\/argentina\/wp-json\/wp\/v2\/tags?post=86501"}],"curies":[{"name":"wp","href":"https:\/\/api.w.org\/{rel}","templated":true}]}}