{"id":86513,"date":"2019-02-01T07:01:46","date_gmt":"2019-02-01T10:01:46","guid":{"rendered":"http:\/\/argentinamunicipal.com.ar\/argentina\/?p=86513"},"modified":"2019-02-01T07:01:46","modified_gmt":"2019-02-01T10:01:46","slug":"el-cepis-y-los-intendentes-del-peronismo-preparan-un-fuerte-planteo-judicial-contra-los-tarifazos","status":"publish","type":"post","link":"http:\/\/argentinamunicipal.com.ar\/argentina\/el-cepis-y-los-intendentes-del-peronismo-preparan-un-fuerte-planteo-judicial-contra-los-tarifazos\/","title":{"rendered":"El CEPIS y los intendentes del peronismo preparan un fuerte planteo judicial contra los tarifazos"},"content":{"rendered":"<p>La ONG y unos 40 intendentes bonaerenses buscar\u00e1n impugnar por la v\u00eda judicial los \u00faltimos tarifazos autorizados por el Gobierno. El argumento es, m\u00e1s que nunca, la razonabilidad y gradualidad de acuerdo con los ingreso de las familias.<\/p>\n<p>Las tarifas de luz aumentan sostenidamente desde que Mauricio Macri lleg\u00f3 al poder. La electricidad lleva un 3.600 por ciento de incremento desde 2015, y los servicios p\u00fablicos insumen la cuarta parte del salario.\u00a0Es por eso que las \u00faltimas subas autorizadas por el Gobierno se discutir\u00e1n en la Justicia.<\/p>\n<p>El\u00a0Centro de Estudios Para la promoci\u00f3n de la Igualdad y la Solidaridad, la ONG que en 2016 oblig\u00f3 al gobierno a retrotraer aumentos de tarifas de gas y a realizar audiencias p\u00fablicas para debatirlos, encarar\u00e1 ma\u00f1ana, con fuerte apoyo pol\u00edtico e institucional, una nueva cruzada, esta vez contra los aumentos en las boletas de luz.<\/p>\n<p>Con el respaldo del\u00a0Defensor del Pueblo y de unos 40 intendentes del peronismo, presentar\u00e1 un recurso de amparo en la Justicia Federal para anular los \u00faltimos aumentos, de entre 55 y 40 por ciento, autorizados por el Gobierno nacional para todo el a\u00f1o.<\/p>\n<p>Esta vez, el argumento es la \u201crazonabilidad\u201d, un criterio que la Corte Suprema impuso en pleno debate, all\u00e1 por 2017, que habilit\u00f3 a la Justicia a evaluar que los aumentos que autorice el Gobierno sean \u201crazonables\u201d y \u201cpoporcionales\u201d, aunque no estableci\u00f3 par\u00e1metros a tal efecto.<\/p>\n<p>La presentaci\u00f3n de la medida se dar\u00e1 ma\u00f1ana, junto a una conferencia de prensa en la que participar\u00e1n varios alcaldes bonaerenses. Ser\u00e1 a las 16, en la Fundaci\u00f3n Findel, ubicada en Bol\u00edvar 448, Capital Federal.<\/p>\n<h6>Fuente: InfoCielo<\/h6>\n","protected":false},"excerpt":{"rendered":"<p>La ONG y unos 40 intendentes bonaerenses buscar\u00e1n impugnar por la v\u00eda judicial los \u00faltimos tarifazos autorizados por el Gobierno. El argumento es, m\u00e1s que nunca, la razonabilidad y gradualidad de acuerdo con los ingreso de las familias.<\/p>\n","protected":false},"author":2,"featured_media":86514,"comment_status":"closed","ping_status":"closed","sticky":false,"template":"","format":"standard","meta":{"footnotes":""},"categories":[4],"tags":[12],"class_list":["post-86513","post","type-post","status-publish","format-standard","has-post-thumbnail","hentry","category-informe-politico","tag-buenos-aires"],"_links":{"self":[{"href":"http:\/\/argentinamunicipal.com.ar\/argentina\/wp-json\/wp\/v2\/posts\/86513","targetHints":{"allow":["GET"]}}],"collection":[{"href":"http:\/\/argentinamunicipal.com.ar\/argentina\/wp-json\/wp\/v2\/posts"}],"about":[{"href":"http:\/\/argentinamunicipal.com.ar\/argentina\/wp-json\/wp\/v2\/types\/post"}],"author":[{"embeddable":true,"href":"http:\/\/argentinamunicipal.com.ar\/argentina\/wp-json\/wp\/v2\/users\/2"}],"replies":[{"embeddable":true,"href":"http:\/\/argentinamunicipal.com.ar\/argentina\/wp-json\/wp\/v2\/comments?post=86513"}],"version-history":[{"count":0,"href":"http:\/\/argentinamunicipal.com.ar\/argentina\/wp-json\/wp\/v2\/posts\/86513\/revisions"}],"wp:featuredmedia":[{"embeddable":true,"href":"http:\/\/argentinamunicipal.com.ar\/argentina\/wp-json\/wp\/v2\/media\/86514"}],"wp:attachment":[{"href":"http:\/\/argentinamunicipal.com.ar\/argentina\/wp-json\/wp\/v2\/media?parent=86513"}],"wp:term":[{"taxonomy":"category","embeddable":true,"href":"http:\/\/argentinamunicipal.com.ar\/argentina\/wp-json\/wp\/v2\/categories?post=86513"},{"taxonomy":"post_tag","embeddable":true,"href":"http:\/\/argentinamunicipal.com.ar\/argentina\/wp-json\/wp\/v2\/tags?post=86513"}],"curies":[{"name":"wp","href":"https:\/\/api.w.org\/{rel}","templated":true}]}}