{"id":86522,"date":"2019-02-01T07:08:57","date_gmt":"2019-02-01T10:08:57","guid":{"rendered":"http:\/\/argentinamunicipal.com.ar\/argentina\/?p=86522"},"modified":"2019-02-01T07:08:57","modified_gmt":"2019-02-01T10:08:57","slug":"san-juan-ya-tiene-sus-precandidatos","status":"publish","type":"post","link":"http:\/\/argentinamunicipal.com.ar\/argentina\/san-juan-ya-tiene-sus-precandidatos\/","title":{"rendered":"San Juan ya tiene sus precandidatos"},"content":{"rendered":"<p>El gobernador Sergio U\u00f1ac es favorito para la reelecci\u00f3n con el Frente Todos. Su principal rival ser\u00e1 Marcelo Orrego, con el Frente Con Vos, la denominaci\u00f3n que adopt\u00f3 Cambiemos. Las PASO ser\u00e1n el 31 de marzo y las generales en junio.<\/p>\n<p>Siete precandidatos disputar\u00e1n la gobernaci\u00f3n de San Juan en las Primarias Abiertas Simult\u00e1neas y Obligatorias (PASO) que se realizar\u00e1n el pr\u00f3ximo 31 de marzo en esa provincia. A \u00faltima hora del mi\u00e9rcoles, los tres frentes y los cuatro partidos pol\u00edticos que se anotaron para las elecciones presentaron a la Justicia Electoral local sus listas. Ante una oposici\u00f3n fragmentada, el gobernador Sergio U\u00f1ac, que decidi\u00f3 separar los comicios de los de presidenciales de octubre, buscar\u00e1 la reelecci\u00f3n acompa\u00f1ado por su actual ministro de Hacienda, Roberto Gattoni, en representaci\u00f3n del Frente Todos, el nombre que adopt\u00f3 el oficialismo.<\/p>\n<p>El mayor contrincante de U\u00f1ac ser\u00e1 Marcelo Orrego, intendente de Santa Luc\u00eda, quien ir\u00e1 junto a la diputada de Producci\u00f3n y Trabajo, Susana Laciar, por el Frente Con Vos. Esa fuerza agrupa a los partidos que en las elecciones legislativas del 2017 compitieron bajo el nombre de Cambiemos. La modificaci\u00f3n de la denominaci\u00f3n responde, casi exclusivamente, a evitar que la mala imagen del presidente Mauricio Macri le juegue en contra.<\/p>\n<p>El oficialista Frente Todos que lleva a U\u00f1ac est\u00e1 conformado por 15 partidos encabezados por el justicialismo y el bloquismo, una tradicional fuerza provincial. El Frente Con Vos, en tanto, son 7 fuerzas encabezadas por el PRO y la UCR. Adem\u00e1s de ellos, se inscribieron el Frente San Juan Primero \u2013tambi\u00e9n compuesto por siete partidos, entre ellos ADN (ex integrante del PRO), el Partido Socialista y Libres del Sur. En tanto, los partidos Dignidad Ciudadana, del Trabajo y el Pueblo, Nueva Izquierda y Cruzada Renovadora, inscribieron candidatos a gobernador y en algunos de los municipios de departamentos de la provincia.<\/p>\n<p>El Frente Todos es el fruto del amplio armado que a, principios de este a\u00f1o, lanzaron el presidente del PJ a nivel nacional, el diputado Jos\u00e9 Luis Gioja, y U\u00f1ac para cristalizar la repetida consigna de unidad peronista. \u201cLa \u00fanica manera de oponernos en serio con un proyecto pol\u00edtico que contenga a todos los argentinos es generando una gran convocatoria con la unidad como eje. Por eso, lo que hoy mostramos desde San Juan al pa\u00eds, con mucha humildad, es la posibilidad de dejar de lado las ambiciones personales y poner por encima de todo el inter\u00e9s del pueblo\u201d, sostuvo en esa ocasi\u00f3n el gobernador. La decisi\u00f3n de U\u00f1ac de ir en la f\u00f3rmula con Gattoni, hombre de su m\u00e1xima confianza, suscita dudas \u2013y expectativas- sobre el rol que podr\u00eda jugar m\u00e1s tarde en el escenario nacional. Consultado al respecto por P\u00e1ginaI12, Gioja se\u00f1al\u00f3 que existe la posibilidad de que el gobernador, en caso de ser reelecto, busque salir de la provincia, aunque advirti\u00f3 que \u201cla Constituci\u00f3n provincial establece que, si hay acefal\u00eda, hay que llamar a elecciones nuevamente\u201d.<\/p>\n<p>\u201cNosotros hemos hecho un acuerdo de unidad en San Juan para ganar la elecci\u00f3n, en eso centraremos la energ\u00eda. Hay cosas que duelen, pero la unidad est\u00e1 por encima de todo, tenemos puesta esa camiseta y ahora tenemos que salir a pelearla\u201d, afirm\u00f3 Gioja. \u201cVa a ser una buena elecci\u00f3n y todo se va a dar con normalidad\u201d, confi\u00f3.<\/p>\n<p>Dignidad Ciudadana, que formaba parte de la coalici\u00f3n Cambiemos, decidi\u00f3 competir solo y propone la f\u00f3rmula Gustavo Fern\u00e1ndez-Federica Mariconda para la primera magistratura provincial. En tanto la Nueva Izquierda vuelve a proponer para gobernadora a Mary Garrido y a Nancy Avaro para vicegobernadora.<\/p>\n<p>Por su parte, el Frente San Juan Primero propone la f\u00f3rmula compuesta por el ex dirigente del PRO Mart\u00edn Turcum\u00e1n y al dirigente socialista Conrado Su\u00e1rez Jofr\u00e9 para gobernador y vice, y el Partido del Trabajo y Del Pueblo lleva como candidato a su veterano dirigente Alberto Ag\u00fcero, acompa\u00f1ado de Edith Liquitay. Finalmente, Cruzada Renovadora, que a \u00faltimo momento se escindi\u00f3 del Frente San Juan Primero, postula a la ex senadora Nancy Avel\u00edn para gobernadora y a\u00fan no defini\u00f3 quien ocupar\u00e1 el lugar de candidato a vicegobernador.<\/p>\n<p>Tras las PASO, la provincia tendr\u00e1 sus elecciones generales el 2 de junio.<\/p>\n<h6>Fuente: P\u00e1gina 12<\/h6>\n","protected":false},"excerpt":{"rendered":"<p>El gobernador Sergio U\u00f1ac es favorito para la reelecci\u00f3n con el Frente Todos. Su principal rival ser\u00e1 Marcelo Orrego, con el Frente Con Vos, la denominaci\u00f3n que adopt\u00f3 Cambiemos. Las PASO ser\u00e1n el 31 de marzo y las generales en junio.<\/p>\n","protected":false},"author":2,"featured_media":86523,"comment_status":"closed","ping_status":"closed","sticky":false,"template":"","format":"standard","meta":{"footnotes":""},"categories":[65],"tags":[32],"class_list":["post-86522","post","type-post","status-publish","format-standard","has-post-thumbnail","hentry","category-provincias","tag-san-juan"],"_links":{"self":[{"href":"http:\/\/argentinamunicipal.com.ar\/argentina\/wp-json\/wp\/v2\/posts\/86522","targetHints":{"allow":["GET"]}}],"collection":[{"href":"http:\/\/argentinamunicipal.com.ar\/argentina\/wp-json\/wp\/v2\/posts"}],"about":[{"href":"http:\/\/argentinamunicipal.com.ar\/argentina\/wp-json\/wp\/v2\/types\/post"}],"author":[{"embeddable":true,"href":"http:\/\/argentinamunicipal.com.ar\/argentina\/wp-json\/wp\/v2\/users\/2"}],"replies":[{"embeddable":true,"href":"http:\/\/argentinamunicipal.com.ar\/argentina\/wp-json\/wp\/v2\/comments?post=86522"}],"version-history":[{"count":0,"href":"http:\/\/argentinamunicipal.com.ar\/argentina\/wp-json\/wp\/v2\/posts\/86522\/revisions"}],"wp:featuredmedia":[{"embeddable":true,"href":"http:\/\/argentinamunicipal.com.ar\/argentina\/wp-json\/wp\/v2\/media\/86523"}],"wp:attachment":[{"href":"http:\/\/argentinamunicipal.com.ar\/argentina\/wp-json\/wp\/v2\/media?parent=86522"}],"wp:term":[{"taxonomy":"category","embeddable":true,"href":"http:\/\/argentinamunicipal.com.ar\/argentina\/wp-json\/wp\/v2\/categories?post=86522"},{"taxonomy":"post_tag","embeddable":true,"href":"http:\/\/argentinamunicipal.com.ar\/argentina\/wp-json\/wp\/v2\/tags?post=86522"}],"curies":[{"name":"wp","href":"https:\/\/api.w.org\/{rel}","templated":true}]}}