{"id":86528,"date":"2019-02-01T07:24:57","date_gmt":"2019-02-01T10:24:57","guid":{"rendered":"http:\/\/argentinamunicipal.com.ar\/argentina\/?p=86528"},"modified":"2019-02-01T07:34:52","modified_gmt":"2019-02-01T10:34:52","slug":"macri-visito-en-secreto-el-norte-de-santa-fe-y-solo-se-reunio-con-productores","status":"publish","type":"post","link":"http:\/\/argentinamunicipal.com.ar\/argentina\/macri-visito-en-secreto-el-norte-de-santa-fe-y-solo-se-reunio-con-productores\/","title":{"rendered":"Macri dej\u00f3 plantados a intendentes del norte santafesino"},"content":{"rendered":"<p>Los intendentes y referentes que lo esperaban se quedaron \u00abplantados\u00bb. El mandatario no quiso ver a las autoridades locales.<\/p>\n<p>El presidente Mauricio Macri sobrevol\u00f3 ayer zonas inundadas del norte de Santa Fe, a la altura de Reconquista, donde escuch\u00f3 \u00abde primera mano\u00bb las demandas de los productores afectados por el avance de las aguas. Sin embargo, los intendentes de las ciudades involucradas como Reconquista, Avellaneda y Romang, as\u00ed como los referentes sociales que lo esperaban, sufrieron el plantazo, ya que el mandatario lleg\u00f3 en avi\u00f3n, subi\u00f3 a un helic\u00f3ptero y dej\u00f3 a m\u00e1s de uno con las carpetas en las manos.<\/p>\n<p>En un viaje rel\u00e1mpago, el presidente arrib\u00f3 en un avi\u00f3n pasadas las 10 a la sede de la Tercera Brigada A\u00e9rea de Reconquista y luego sigui\u00f3 en helic\u00f3ptero hacia una zona rural inundada, donde se reuni\u00f3 con \u00abproductores del norte santafesino que, por falta de obras, sufren inundaciones hace m\u00e1s de 20 a\u00f1os\u00bb, explic\u00f3 el diputado provincial del PRO, Federico Angelini. El encuentro se realiz\u00f3 en un campo entre las localidades de Golondrina y Colmena con la participaci\u00f3n de una decena de productores.<\/p>\n<p>Angelini a\u00f1adi\u00f3 que el presidente mantuvo una \u00abcharla frontal para conocer sus necesidades de primera mano\u00bb.<\/p>\n<p><strong>Sin funcionarios locales<\/strong><\/p>\n<p>En el aeropuerto de Reconquista aguardaban a Macri los intendentes de Reconquista, Enrique Vallejos (PJ); Avellaneda, Dionisio Scarpin, y Romang, Sergio Ramseyer, para entregarle un petitorio con reclamos sobre distintas obras.<\/p>\n<p>El jefe de Estado lleg\u00f3 al encuentro tras aterrizar en la Brigada A\u00e9rea, desde donde abord\u00f3 un helic\u00f3ptero para desarrollar su actividad en la comuna de Intiyaco. Los intendentes presentes no pudieron saludarlo ya que no les fue permitido, seg\u00fan inform\u00f3 el diario digital Reconquista Hoy, pero s\u00ed \u00abfueron recibidos por el jefe de la Brigada A\u00e9rea, Comodoro Dar\u00edo Quiroga, quien luego se retir\u00f3 y consigui\u00f3 que se acercara alguien que se present\u00f3 como del equipo ceremonial\u00bb. Seg\u00fan trascendi\u00f3, se les indic\u00f3 que Macri se presentaba para desarrollar una \u00abactividad privada\u00bb y que \u00abno iba a hablar con nadie\u00bb.<\/p>\n<p>Seg\u00fan los voceros oficiales, el presidente decidi\u00f3 dialogar en forma directa con los afectados por las inundaciones sin la participaci\u00f3n de autoridades provinciales y locales.<\/p>\n<p>En otro sector de la III Brigada A\u00e9rea quedaron dirigentes sindicales y sociales, quienes vieron detr\u00e1s de un tejido cuando Macri pas\u00f3 del avi\u00f3n al helic\u00f3ptero y se fue con las esperanzas de dejarle un escrito donde pintan la situaci\u00f3n social que se vive en el norte santafesino. A ellos ni les pidieron ni el n\u00famero de tel\u00e9fono ni el escrito.<\/p>\n<p>Durante su visita, Macri recorri\u00f3 la comuna de Intiyaco, a cargo de Fernando Rodas (Cambiemos).<\/p>\n<p>Quien particip\u00f3 del viaje fue tambi\u00e9n Luis Miguel Etchevehere, secretario de Agroindustria, quien brind\u00f3 detalles a trav\u00e9s de la emisora capitalina LT10. \u00abHoy visitamos ese departamento, estuvimos conversando con productores de la zona que nos contaron la problem\u00e1tica que tienen. Ellos est\u00e1n en los bajos submeridionales y si bien hace bien que tengan un poco de agua, es necesario que haya obras de infraestructura que puedan sacar el exceso\u00bb, dijo el funcionario.<\/p>\n<p>Entre otros conceptos, Etchevehere precis\u00f3 que \u00abes indispensable que el Comit\u00e9 de Cuenca (conformado por Santa Fe, Santiago del Estero y Chaco) determine la prioridad de las obras necesarias\u00bb. Una vez que se defina esto, el presidente se comprometi\u00f3 a que Naci\u00f3n \u00abva a acompa\u00f1ar el tr\u00e1mite de conseguir financiamiento internacional para que estas obras se lleven adelante\u00bb, afirm\u00f3 el fucionario.<\/p>\n<h6>Fuente: La Capital<\/h6>\n","protected":false},"excerpt":{"rendered":"<p>Los intendentes y referentes que lo esperaban se quedaron \u00abplantados\u00bb. El mandatario no quiso ver a las autoridades locales.<\/p>\n","protected":false},"author":2,"featured_media":86529,"comment_status":"closed","ping_status":"closed","sticky":false,"template":"","format":"standard","meta":{"footnotes":""},"categories":[2],"tags":[10],"class_list":["post-86528","post","type-post","status-publish","format-standard","has-post-thumbnail","hentry","category-informe-municipal","tag-santa-fe"],"_links":{"self":[{"href":"http:\/\/argentinamunicipal.com.ar\/argentina\/wp-json\/wp\/v2\/posts\/86528","targetHints":{"allow":["GET"]}}],"collection":[{"href":"http:\/\/argentinamunicipal.com.ar\/argentina\/wp-json\/wp\/v2\/posts"}],"about":[{"href":"http:\/\/argentinamunicipal.com.ar\/argentina\/wp-json\/wp\/v2\/types\/post"}],"author":[{"embeddable":true,"href":"http:\/\/argentinamunicipal.com.ar\/argentina\/wp-json\/wp\/v2\/users\/2"}],"replies":[{"embeddable":true,"href":"http:\/\/argentinamunicipal.com.ar\/argentina\/wp-json\/wp\/v2\/comments?post=86528"}],"version-history":[{"count":0,"href":"http:\/\/argentinamunicipal.com.ar\/argentina\/wp-json\/wp\/v2\/posts\/86528\/revisions"}],"wp:featuredmedia":[{"embeddable":true,"href":"http:\/\/argentinamunicipal.com.ar\/argentina\/wp-json\/wp\/v2\/media\/86529"}],"wp:attachment":[{"href":"http:\/\/argentinamunicipal.com.ar\/argentina\/wp-json\/wp\/v2\/media?parent=86528"}],"wp:term":[{"taxonomy":"category","embeddable":true,"href":"http:\/\/argentinamunicipal.com.ar\/argentina\/wp-json\/wp\/v2\/categories?post=86528"},{"taxonomy":"post_tag","embeddable":true,"href":"http:\/\/argentinamunicipal.com.ar\/argentina\/wp-json\/wp\/v2\/tags?post=86528"}],"curies":[{"name":"wp","href":"https:\/\/api.w.org\/{rel}","templated":true}]}}