{"id":86593,"date":"2019-02-06T07:03:57","date_gmt":"2019-02-06T10:03:57","guid":{"rendered":"http:\/\/argentinamunicipal.com.ar\/argentina\/?p=86593"},"modified":"2019-02-06T07:03:57","modified_gmt":"2019-02-06T10:03:57","slug":"un-analisis-preocupante-para-la-construccion-y-la-industria-todavia-no-se-ha-alcanzado-un-piso","status":"publish","type":"post","link":"http:\/\/argentinamunicipal.com.ar\/argentina\/un-analisis-preocupante-para-la-construccion-y-la-industria-todavia-no-se-ha-alcanzado-un-piso\/","title":{"rendered":"Un an\u00e1lisis preocupante para la construcci\u00f3n y la industria: \u00abTodav\u00eda no se ha alcanzado un piso\u00bb"},"content":{"rendered":"<p>As\u00ed lo indica un informe de la consultora Ecolatina, que pese al derrumbe de los \u00faltimos meses estima que a\u00fan no ha llegado lo peor.<\/p>\n<p>Las proyecciones para el sector de\u00a0la industria y la construcci\u00f3n \u00abno son muy alentadoras\u00bb, ya que los datos indican que \u00abtodav\u00eda no han alcanzado un piso\u00bb, el cual podr\u00eda llegar durante el primer trimestre de este a\u00f1o, se\u00f1al\u00f3 este martes un informe de la consultora privada Ecolatina.<\/p>\n<p>El INDEC inform\u00f3 por la tarde que la construcci\u00f3n registr\u00f3 en diciembre una ca\u00edda del interanual del\u00a020,5%, en tanto que la producci\u00f3n se desplom\u00f3 un\u00a014,7%.<\/p>\n<p>\u00abLos datos reflejan que tanto la industria como la construcci\u00f3n\u00a0todav\u00eda no han alcanzado un piso, el cual estimamos llegue durante el primer trimestre de este a\u00f1o\u00bb, afirm\u00f3 Ecolatina.<\/p>\n<p>La consultora a\u00f1adi\u00f3: \u00abEn lo que respecta a la\u00a0actividad fabril, las perspectivas no son muy alentadoras, ya que estimamos que el salario real no crecer\u00e1 hasta la mitad del a\u00f1o y que la pol\u00edtica de tasas reales positivas se mantendr\u00e1 durante este a\u00f1o\u00bb.<\/p>\n<p>Destac\u00f3 adem\u00e1s que\u00a0la construcci\u00f3n \u00abtard\u00f3 m\u00e1s en acusar el impacto\u00a0de la crisis\u00bb y explic\u00f3 que se debe en parte a \u00abla expansi\u00f3n que tuvieron los cr\u00e9ditos hipotecarios indexados en el primeros meses de 2018\u00bb.<\/p>\n<p>\u00abNo obstante, los efectos negativos del nuevo contexto econ\u00f3mico sobre la actividad\u00a0se har\u00e1n sentir durante casi todo el 2019\u00bb, complet\u00f3.<\/p>\n<p>En ese sentido, Ecolatina advirti\u00f3: \u00abLa inversi\u00f3n privada paralizada\u00a0y el retroceso de la obra p\u00fablica en el marco de un camino hacia el equilibrio fiscal, auguran un a\u00f1o en rojo para la construcci\u00f3n\u00bb.<\/p>\n<p>\u00abEste sector ser\u00e1 uno de los m\u00e1s castigados en 2019, a diferencia de lo ocurrido en los\u00a0\u00faltimos a\u00f1os electorales, cuando se configur\u00f3 en motor de la econom\u00eda\u00bb, record\u00f3 el informe.<\/p>\n<h6>Fuente: InfoNews<\/h6>\n","protected":false},"excerpt":{"rendered":"<p>As\u00ed lo indica un informe de la consultora Ecolatina, que pese al derrumbe de los \u00faltimos meses estima que a\u00fan no ha llegado lo peor.<\/p>\n","protected":false},"author":2,"featured_media":86594,"comment_status":"closed","ping_status":"closed","sticky":false,"template":"","format":"standard","meta":{"footnotes":""},"categories":[8],"tags":[21],"class_list":["post-86593","post","type-post","status-publish","format-standard","has-post-thumbnail","hentry","category-informe-nacional","tag-argentina"],"_links":{"self":[{"href":"http:\/\/argentinamunicipal.com.ar\/argentina\/wp-json\/wp\/v2\/posts\/86593","targetHints":{"allow":["GET"]}}],"collection":[{"href":"http:\/\/argentinamunicipal.com.ar\/argentina\/wp-json\/wp\/v2\/posts"}],"about":[{"href":"http:\/\/argentinamunicipal.com.ar\/argentina\/wp-json\/wp\/v2\/types\/post"}],"author":[{"embeddable":true,"href":"http:\/\/argentinamunicipal.com.ar\/argentina\/wp-json\/wp\/v2\/users\/2"}],"replies":[{"embeddable":true,"href":"http:\/\/argentinamunicipal.com.ar\/argentina\/wp-json\/wp\/v2\/comments?post=86593"}],"version-history":[{"count":0,"href":"http:\/\/argentinamunicipal.com.ar\/argentina\/wp-json\/wp\/v2\/posts\/86593\/revisions"}],"wp:featuredmedia":[{"embeddable":true,"href":"http:\/\/argentinamunicipal.com.ar\/argentina\/wp-json\/wp\/v2\/media\/86594"}],"wp:attachment":[{"href":"http:\/\/argentinamunicipal.com.ar\/argentina\/wp-json\/wp\/v2\/media?parent=86593"}],"wp:term":[{"taxonomy":"category","embeddable":true,"href":"http:\/\/argentinamunicipal.com.ar\/argentina\/wp-json\/wp\/v2\/categories?post=86593"},{"taxonomy":"post_tag","embeddable":true,"href":"http:\/\/argentinamunicipal.com.ar\/argentina\/wp-json\/wp\/v2\/tags?post=86593"}],"curies":[{"name":"wp","href":"https:\/\/api.w.org\/{rel}","templated":true}]}}