{"id":86596,"date":"2019-02-06T07:06:39","date_gmt":"2019-02-06T10:06:39","guid":{"rendered":"http:\/\/argentinamunicipal.com.ar\/argentina\/?p=86596"},"modified":"2019-02-06T07:06:39","modified_gmt":"2019-02-06T10:06:39","slug":"de-pobreza-cero-ni-recuerdo","status":"publish","type":"post","link":"http:\/\/argentinamunicipal.com.ar\/argentina\/de-pobreza-cero-ni-recuerdo\/","title":{"rendered":"De pobreza cero, ni recuerdo"},"content":{"rendered":"<p>Especialistas en pobreza adelantan que en el \u00faltimo trimestre de 2018 el indicador aument\u00f3 hasta el 33,5 por ciento, siete puntos m\u00e1s que en igual per\u00edodo del a\u00f1o anterior. La tendencia se profundiza en el primer semestre de este a\u00f1o.<\/p>\n<p>En el \u00faltimo a\u00f1o, 2,5 millones de personas en todo el pa\u00eds empeoraron su posici\u00f3n econ\u00f3mica y pasaron a ser pobres en t\u00e9rminos de su ingreso monetario. Ese n\u00famero se basa en una estimaci\u00f3n porcentual de pobreza por ingresos del 33\/33,5 por ciento para el cuarto trimestre del a\u00f1o pasado, lo cual implica una fuerte suba respecto al mismo per\u00edodo de 2017, cuando se registr\u00f3 una tasa de pobreza del 26,3 por ciento seg\u00fan el Indec. Cada punto de aumento equivale a 450 mil personas en todo el pa\u00eds. Estos datos fueron calculados recientemente por Diego Born, soci\u00f3logo y especialista en estad\u00edsticas sociales, en base al recorrido de los salarios, jubilaciones y empleo frente a los precios de la canasta de pobreza, y coincide con las estimaciones de otros investigadores y organismos. Reci\u00e9n a fines de marzo el Indec publicar\u00e1 el dato de pobreza del segundo semestre del a\u00f1o pasado, que rondar\u00eda el 31,5 por ciento, por encima del 25,6 del mismo per\u00edodo de 2017.<\/p>\n<p>La macroeconom\u00eda argentina a lo largo del a\u00f1o pasado fue una fuente de creaci\u00f3n de pobreza y de deterioro de las condiciones socio-econ\u00f3micas generales. Hay un pu\u00f1ado de grandes n\u00fameros ya publicados que hablan por s\u00ed solos. El \u00edndice general de salarios tuvo en noviembre del a\u00f1o pasado una suba nominal del 27,9 por ciento frente al mismo per\u00edodo de 2017, seg\u00fan el Indec, mientras que la inflaci\u00f3n general de ese per\u00edodo fue del 48,5 por ciento y el incremento de los precios de la canasta de pobreza, del 52,9 por ciento, lo cual implica una diferencia de 25 puntos frente a los salarios. Adem\u00e1s, los jubilados comenzaron el 2018 con un haber m\u00ednimo de 7246 pesos que ahora est\u00e1 en 9300 pesos, un alza del 28,3 por ciento, 20 puntos por detr\u00e1s de la inflaci\u00f3n general. Al mismo tiempo, el indicador que confecciona la Secretar\u00eda de Trabajo arroj\u00f3 un deterioro del empleo del 2,3 por ciento en 2018.<\/p>\n<p>\u201cEl salto de la pobreza en el cuarto trimestre del a\u00f1o pasado obedece a un incremento feroz de la canasta b\u00e1sica. Este aumento fue claramente superior al del promedio de los precios de los consumos de todos los hogares porque los bienes y servicios que mayor peso relativo adquieren entre los consumos de los pobres crecieron muy por encima del resto, como fue el caso de alimentos y bebidas (51 por ciento), servicios de la vivienda (55,0) y transporte p\u00fablico (70,0). En contrapartida, los rubros educaci\u00f3n, recreaci\u00f3n y cultura, hoteles y restaurantes y ropa \u2013consumos m\u00e1s t\u00edpicos de sectores medios o integrados\u2013 aumentaron en torno o por debajo del 40 por ciento. Esta inflaci\u00f3n \u2018pro-pobre\u2019 se explica tanto por el efecto de la devaluaci\u00f3n como por el efecto de las tarifas\u201d, se\u00f1ala Diego Born ante la consulta de este diario.<\/p>\n<p>\u201cSi se considera la inflaci\u00f3n de los \u2018pobres\u2019, o sea la canasta b\u00e1sica total, frente al \u00faltimo trimestre de 2015, la ca\u00edda del poder adquisitivo del salario privado es de 18 por ciento y de la de jubilaciones m\u00ednimas y asignaciones del 26 por ciento. Pero adem\u00e1s de la p\u00e9rdida de poder adquisitivo, esto se da en un contexto en el que se empieza a notar con fuerza el deterioro del mercado de trabajo. La desocupaci\u00f3n subi\u00f3 y si no lo hizo m\u00e1s fue por la aparici\u00f3n de changas modernas del estilo Uber\u201d, agrega Born.<\/p>\n<p>Para el investigador, en base a los datos parciales que existen al momento, la pobreza en el segundo semestre de 2018 se habr\u00e1 ubicado en el 31,5 por ciento, lo cual implica un incremento de 5,9 puntos en la comparaci\u00f3n interanual. En tanto, Born calcul\u00f3 que en el cuarto trimestre la pobreza se ubic\u00f3 en el 33\/33,5 por ciento, siete puntos m\u00e1s frente al mismo per\u00edodo del a\u00f1o previo. En t\u00e9rminos absolutos, ser\u00edan 2,5 millones de personas que pasaron a ser pobres. El investigador del Conicet Daniel Schteingart coincide en que la pobreza en 2018 tuvo un aumento de siete puntos porcentuales. El Observatorio Social de la UCA midi\u00f3 un aumento de la pobreza algo menor, aunque el punto de llegada es el mismo: 33,6 por ciento.<\/p>\n<p>Sergio Chouza, investigador de la Universidad de Avellaneda, indic\u00f3 que \u201cal Gobierno no s\u00f3lo le queda afrontar el indicador de suba de pobreza en el segundo semestre de 2018 sino tambi\u00e9n en el primer semestre de 2019, en donde la inflaci\u00f3n no se va a desacelerar en t\u00e9rminos anuales, tanto por la inercia alta como por la inflaci\u00f3n reprimida del a\u00f1o pasado. Todav\u00eda no se traslad\u00f3 completamente la devaluaci\u00f3n a los precios, lo cual seguir\u00e1 presionando sobre la pobreza\u201d. Chouza advierte por la multiplicaci\u00f3n de la \u201cpobreza energ\u00e9tica\u201d, ya que seg\u00fan sus c\u00e1lculos el peso de los servicios p\u00fablicos, incluyendo transporte, ya representa el 11 por ciento del salario promedio.<\/p>\n<p>El 33,5 por ciento de pobreza para finales de 2018 est\u00e1 muy por debajo del dato de 2003, cuando hubiera alcanzado el 70 por ciento con la metodolog\u00eda actual, destaca Born. \u201cProbablemente nos encontremos en niveles cercanos a 2008-2009, y varios puntos por encima de 2011-2015, donde oscil\u00f3, de la mano del ciclo econ\u00f3mico, entre 24 y 29 por ciento (en el pico registrado con la devaluaci\u00f3n y recesi\u00f3n de 2014) bajo la metodolog\u00eda actual\u201d, agrega.<\/p>\n<h6>Fuente: P\u00e1gina 12<\/h6>\n","protected":false},"excerpt":{"rendered":"<p>Especialistas en pobreza adelantan que en el \u00faltimo trimestre de 2018 el indicador aument\u00f3 hasta el 33,5 por ciento, siete puntos m\u00e1s que en igual per\u00edodo del a\u00f1o anterior.<\/p>\n","protected":false},"author":2,"featured_media":86597,"comment_status":"closed","ping_status":"closed","sticky":false,"template":"","format":"standard","meta":{"footnotes":""},"categories":[8],"tags":[21],"class_list":["post-86596","post","type-post","status-publish","format-standard","has-post-thumbnail","hentry","category-informe-nacional","tag-argentina"],"_links":{"self":[{"href":"http:\/\/argentinamunicipal.com.ar\/argentina\/wp-json\/wp\/v2\/posts\/86596","targetHints":{"allow":["GET"]}}],"collection":[{"href":"http:\/\/argentinamunicipal.com.ar\/argentina\/wp-json\/wp\/v2\/posts"}],"about":[{"href":"http:\/\/argentinamunicipal.com.ar\/argentina\/wp-json\/wp\/v2\/types\/post"}],"author":[{"embeddable":true,"href":"http:\/\/argentinamunicipal.com.ar\/argentina\/wp-json\/wp\/v2\/users\/2"}],"replies":[{"embeddable":true,"href":"http:\/\/argentinamunicipal.com.ar\/argentina\/wp-json\/wp\/v2\/comments?post=86596"}],"version-history":[{"count":0,"href":"http:\/\/argentinamunicipal.com.ar\/argentina\/wp-json\/wp\/v2\/posts\/86596\/revisions"}],"wp:featuredmedia":[{"embeddable":true,"href":"http:\/\/argentinamunicipal.com.ar\/argentina\/wp-json\/wp\/v2\/media\/86597"}],"wp:attachment":[{"href":"http:\/\/argentinamunicipal.com.ar\/argentina\/wp-json\/wp\/v2\/media?parent=86596"}],"wp:term":[{"taxonomy":"category","embeddable":true,"href":"http:\/\/argentinamunicipal.com.ar\/argentina\/wp-json\/wp\/v2\/categories?post=86596"},{"taxonomy":"post_tag","embeddable":true,"href":"http:\/\/argentinamunicipal.com.ar\/argentina\/wp-json\/wp\/v2\/tags?post=86596"}],"curies":[{"name":"wp","href":"https:\/\/api.w.org\/{rel}","templated":true}]}}