{"id":86599,"date":"2019-02-06T07:08:53","date_gmt":"2019-02-06T10:08:53","guid":{"rendered":"http:\/\/argentinamunicipal.com.ar\/argentina\/?p=86599"},"modified":"2019-02-06T07:08:53","modified_gmt":"2019-02-06T10:08:53","slug":"el-fmi-vuelve-al-pais-para-revisar-el-programa-economico-que-respalda","status":"publish","type":"post","link":"http:\/\/argentinamunicipal.com.ar\/argentina\/el-fmi-vuelve-al-pais-para-revisar-el-programa-economico-que-respalda\/","title":{"rendered":"El FMI vuelve al pa\u00eds para revisar el programa econ\u00f3mico que respalda"},"content":{"rendered":"<p>Se trata del tercer control y ser\u00e1 el pr\u00f3ximo lunes 11 de febrero en el marco del acuerdo Stand-By de 36 meses entre el gobierno de Cambiemos y el organismo de cr\u00e9dito. El equipo estar\u00e1 liderado por Roberto Cardarelli, el encargado de auditar las cuentas p\u00fablicas argentinas.<\/p>\n<p>Luego de los elogios recibidos por la titular del FMI, Christine Largarde, el gobierno de Mauricio Macri no deber\u00eda tener problemas en recibir la tercera misi\u00f3n t\u00e9cnica del organismo internacional de cr\u00e9dito.\u00a0Se trata de la tercera revisi\u00f3n del programa econ\u00f3mico que respalda el acuerdo Stand-By a tres a\u00f1os otorgado el a\u00f1o pasado.<\/p>\n<p>La vocera del fondo inform\u00f3:\u00a0\u00abUn equipo del FMI encabezado por Roberto Cardarelli estar\u00e1 en Buenos Aires el 11 de febrero en el contexto de la tercera revisi\u00f3n del plan econ\u00f3mico de Argentina que respalda el Acuerdo Stand-By de 36 meses\u201d.<\/p>\n<p>\u00abDurante la misi\u00f3n, el equipo del FMI se reunir\u00e1 con funcionarios del gobierno y el Banco Central, as\u00ed como con representantes del sector privado, la academia y sociedad civil\u00bb, agreg\u00f3,<\/p>\n<p>Cabe recordar que luego de la gran devaluaci\u00f3n del a\u00f1o pasado, el gobierno de Mauricio Macri acudi\u00f3 dos veces m\u00e1s al FMI por auxilio que suma en total unos 56.000 millones de d\u00f3lares hasta 2020, de los cuales Argentina ya recibi\u00f3 28.000 millones.<\/p>\n<p>Como contrapartida la gesti\u00f3n se comprometi\u00f3 a llevar adelante un plan de austeridad para lograr el equilibrio fiscal en 2019.<\/p>\n<p>Hace no m\u00e1s de quince d\u00edas la directora gerente del fondo se reuni\u00f3n con el Ministro de Hacienda, Nicol\u00e1s Dujovne, y el titular del Banco Central, Guido Sandleris, para revisar el acuerdo y respaldar el programa. \u201cQuisiera reiterar el firme apoyo del FMI a la Argentina y al plan de reforma econ\u00f3mica de las autoridades\u201d, declar\u00f3.<\/p>\n<h6>Fuente: InfoCielo<\/h6>\n","protected":false},"excerpt":{"rendered":"<p>Se trata del tercer control y ser\u00e1 el pr\u00f3ximo lunes 11 de febrero en el marco del acuerdo Stand-By de 36 meses entre el gobierno de Cambiemos y el organismo de cr\u00e9dito.<\/p>\n","protected":false},"author":2,"featured_media":86600,"comment_status":"closed","ping_status":"closed","sticky":false,"template":"","format":"standard","meta":{"footnotes":""},"categories":[8],"tags":[21],"class_list":["post-86599","post","type-post","status-publish","format-standard","has-post-thumbnail","hentry","category-informe-nacional","tag-argentina"],"_links":{"self":[{"href":"http:\/\/argentinamunicipal.com.ar\/argentina\/wp-json\/wp\/v2\/posts\/86599","targetHints":{"allow":["GET"]}}],"collection":[{"href":"http:\/\/argentinamunicipal.com.ar\/argentina\/wp-json\/wp\/v2\/posts"}],"about":[{"href":"http:\/\/argentinamunicipal.com.ar\/argentina\/wp-json\/wp\/v2\/types\/post"}],"author":[{"embeddable":true,"href":"http:\/\/argentinamunicipal.com.ar\/argentina\/wp-json\/wp\/v2\/users\/2"}],"replies":[{"embeddable":true,"href":"http:\/\/argentinamunicipal.com.ar\/argentina\/wp-json\/wp\/v2\/comments?post=86599"}],"version-history":[{"count":0,"href":"http:\/\/argentinamunicipal.com.ar\/argentina\/wp-json\/wp\/v2\/posts\/86599\/revisions"}],"wp:featuredmedia":[{"embeddable":true,"href":"http:\/\/argentinamunicipal.com.ar\/argentina\/wp-json\/wp\/v2\/media\/86600"}],"wp:attachment":[{"href":"http:\/\/argentinamunicipal.com.ar\/argentina\/wp-json\/wp\/v2\/media?parent=86599"}],"wp:term":[{"taxonomy":"category","embeddable":true,"href":"http:\/\/argentinamunicipal.com.ar\/argentina\/wp-json\/wp\/v2\/categories?post=86599"},{"taxonomy":"post_tag","embeddable":true,"href":"http:\/\/argentinamunicipal.com.ar\/argentina\/wp-json\/wp\/v2\/tags?post=86599"}],"curies":[{"name":"wp","href":"https:\/\/api.w.org\/{rel}","templated":true}]}}