{"id":86608,"date":"2019-02-06T07:18:13","date_gmt":"2019-02-06T10:18:13","guid":{"rendered":"http:\/\/argentinamunicipal.com.ar\/argentina\/?p=86608"},"modified":"2019-02-06T07:18:13","modified_gmt":"2019-02-06T10:18:13","slug":"mar-del-plata-arroyo-desafia-a-vidal-y-seguira-con-el-cobro-de-la-tasa-de-publicidad-a-los-teatros-locales","status":"publish","type":"post","link":"http:\/\/argentinamunicipal.com.ar\/argentina\/mar-del-plata-arroyo-desafia-a-vidal-y-seguira-con-el-cobro-de-la-tasa-de-publicidad-a-los-teatros-locales\/","title":{"rendered":"Mar del Plata: Arroyo desaf\u00eda a Vidal y seguir\u00e1 con el cobro de la tasa de Publicidad a los teatros locales"},"content":{"rendered":"<p>La Gobernadora le hab\u00eda solicitado que \u201cse abstenga\u201d de aplicar dicha carga impositiva. El empresario teatral y diputado provincial del Frente Renovador, Javier Faroni, dijo que \u201ces una tasa que no se cobra en ning\u00fan lugar del mundo\u201d.<\/p>\n<p>El intendente de Mar del Plata,\u00a0Carlos Arroyo, tens\u00f3 nuevamente la relaci\u00f3n con\u00a0Mar\u00eda Eugenia Vidal\u00a0en medio de la pol\u00e9mica que se desat\u00f3 luego de que la Gobernadora le pidiera que no cobre a los teatros locales la Tasa de Publicidad y Propaganda. El jefe comunal se rebel\u00f3 y asegur\u00f3 que seguir\u00e1 \u201ccobrando la tasa mientras que la ley est\u00e9 vigente\u201d.<\/p>\n<p>Vidal\u00a0le envi\u00f3 una carta a\u00a0Arroyo\u00a0el 30 de enero en la que le pidi\u00f3 que \u201cse abstenga de implementar medidas que atenten contra el normal desarrollo de la actividad\u201d teatral. Adem\u00e1s, le enrostr\u00f3 que \u201cpor segundo a\u00f1o consecutivo el gobierno de la Provincia ha realizado un profundo trabajo intersectorial para que la ciudad de Mar del Plata tenga una buena temporada\u201d.<\/p>\n<p>Sin embargo,\u00a0Arroyo\u00a0volvi\u00f3 a desafiar los deseos de la Gobernadora. En declaraciones reproducidas por el diario La Capital de Mar del Plata, el Intendente confirm\u00f3 que continuar\u00e1 con el cobro de la Tasa y que lo hace \u201cen nombre de la Justicia\u201d.<\/p>\n<p>\u201cYo no puedo desistir de la aplicaci\u00f3n de una ley, de una Ordenanza que data de abril de 2018\u201d, adelant\u00f3. Vale recordar que la pol\u00e9mica se inici\u00f3 cuando desde las redes del Multiteatro Comafi se difundi\u00f3 la medida, a la que calificaron de \u201cdemencial\u201d. El impuesto se cobrar\u00eda por la utilizaci\u00f3n de marquesinas a trav\u00e9s de las cuales se difunden las obras.<\/p>\n<p>Quien se mostr\u00f3 en desacuerdo con la tasa que cobra la Comuna es el empresario teatral y diputado provincial del Frente Renovador,\u00a0Javier Faroni. En di\u00e1logo con INFOCIELO afirm\u00f3 que \u201ces una tasa que no se cobra en ning\u00fan lugar del mundo\u201d. Por otra parte, explic\u00f3 que \u201cel teatro genera mucho m\u00e1s econ\u00f3micamente de lo que puede generar el cobro de ese impuesto\u201d.<\/p>\n<p>Con treinta a\u00f1os de temporada en Mar del Plata, el diputado por la quinta secci\u00f3n electoral consider\u00f3 que la medida impuesta por la gesti\u00f3n de\u00a0Arroyo\u00a0es \u201cun escollo m\u00e1s para hacer teatro\u201d en la ciudad. Detall\u00f3 tambi\u00e9n que en enero de este a\u00f1o hubo una ca\u00edda del 33% de la actividad con respecto al mismo mes del 2018.<\/p>\n<h6>Fuente: InfoCielo<\/h6>\n","protected":false},"excerpt":{"rendered":"<p>La Gobernadora le hab\u00eda solicitado que \u201cse abstenga\u201d de aplicar dicha carga impositiva. El empresario teatral y diputado provincial del Frente Renovador, Javier Faroni, dijo que \u201ces una tasa que no se cobra en ning\u00fan lugar del mundo\u201d.<\/p>\n","protected":false},"author":2,"featured_media":86609,"comment_status":"closed","ping_status":"closed","sticky":false,"template":"","format":"standard","meta":{"footnotes":""},"categories":[4],"tags":[12],"class_list":["post-86608","post","type-post","status-publish","format-standard","has-post-thumbnail","hentry","category-informe-politico","tag-buenos-aires"],"_links":{"self":[{"href":"http:\/\/argentinamunicipal.com.ar\/argentina\/wp-json\/wp\/v2\/posts\/86608","targetHints":{"allow":["GET"]}}],"collection":[{"href":"http:\/\/argentinamunicipal.com.ar\/argentina\/wp-json\/wp\/v2\/posts"}],"about":[{"href":"http:\/\/argentinamunicipal.com.ar\/argentina\/wp-json\/wp\/v2\/types\/post"}],"author":[{"embeddable":true,"href":"http:\/\/argentinamunicipal.com.ar\/argentina\/wp-json\/wp\/v2\/users\/2"}],"replies":[{"embeddable":true,"href":"http:\/\/argentinamunicipal.com.ar\/argentina\/wp-json\/wp\/v2\/comments?post=86608"}],"version-history":[{"count":0,"href":"http:\/\/argentinamunicipal.com.ar\/argentina\/wp-json\/wp\/v2\/posts\/86608\/revisions"}],"wp:featuredmedia":[{"embeddable":true,"href":"http:\/\/argentinamunicipal.com.ar\/argentina\/wp-json\/wp\/v2\/media\/86609"}],"wp:attachment":[{"href":"http:\/\/argentinamunicipal.com.ar\/argentina\/wp-json\/wp\/v2\/media?parent=86608"}],"wp:term":[{"taxonomy":"category","embeddable":true,"href":"http:\/\/argentinamunicipal.com.ar\/argentina\/wp-json\/wp\/v2\/categories?post=86608"},{"taxonomy":"post_tag","embeddable":true,"href":"http:\/\/argentinamunicipal.com.ar\/argentina\/wp-json\/wp\/v2\/tags?post=86608"}],"curies":[{"name":"wp","href":"https:\/\/api.w.org\/{rel}","templated":true}]}}