{"id":86611,"date":"2019-02-06T07:21:59","date_gmt":"2019-02-06T10:21:59","guid":{"rendered":"http:\/\/argentinamunicipal.com.ar\/argentina\/?p=86611"},"modified":"2019-02-06T07:21:59","modified_gmt":"2019-02-06T10:21:59","slug":"todos-unidos-contra-el-tarifazo-y-la-exclusion","status":"publish","type":"post","link":"http:\/\/argentinamunicipal.com.ar\/argentina\/todos-unidos-contra-el-tarifazo-y-la-exclusion\/","title":{"rendered":"Todos unidos contra el tarifazo y la exclusi\u00f3n"},"content":{"rendered":"<p>Mandatarios del conurbano y del interior de la provincia se unieron, por primera vez, para enfrentar en una acci\u00f3n conjunta con entidades de usuarios y t\u00e9cnicos, el tarifazo. \u201cNi justo ni razonable\u201d, denuncian, tomando una definici\u00f3n de la Corte Suprema.<\/p>\n<p>Por primera vez desde el inicio de la gesti\u00f3n de Cambiemos, m\u00e1s de treinta intendentes bonaerenses y asociaciones de usuarios se unieron para hacer una presentaci\u00f3n conjunta a la Justicia en contra de los tarifazos. Apoyados, adem\u00e1s, por entidades empresarias (fundamentalmente del sector pyme), organizaciones de estudios t\u00e9cnicos y diputados nacionales, los denunciantes presentar\u00e1n un recurso de amparo el lunes, a primera hora, considerando que los \u00faltimos aumentos en la energ\u00eda el\u00e9ctrica \u201cno son justos ni razonables\u201d, criterios que impuso la Corte Suprema al fallar a favor de un reclamo contra los aumentos del gas en 2017, y que son \u201cimpagables\u201d para un gran n\u00famero de usuarios, tanto en hogares familiares, como en clubes y en peque\u00f1as y medianas empresas. \u201cNunca pens\u00e9 que iba a llegar a ver un vecino llorando con una factura de luz en la mano\u201d, describi\u00f3 el intendente de Esteban Echeverr\u00eda y titular del PJ bonaerense, Fernando Gray, en un p\u00e1rrafo de su alocuci\u00f3n al hacer el anuncio de la presentaci\u00f3n conjunta.<\/p>\n<p>Junto a Gray se encontraban los intendentes de San Mart\u00edn, Gabriel Katopodis, y de La Matanza, Ver\u00f3nica Magario, arriba del estrado. Tambi\u00e9n los acompa\u00f1aban el Defensor del Pueblo de la provincia de Buenos Aires, Guido Lorenzino, y el titular del Cepis, Mariano Lovelli, entidad encargada de dise\u00f1ar el reclamo de amparo que se presentar\u00e1 el lunes en Tribunales. Fue el Cepis, tambi\u00e9n, la organizaci\u00f3n que logr\u00f3 un fallo favorable de la Corte en 2017 contra los tarifazos en el gas aplicados a partir de 2016. Fue en esa oportunidad que el Alto Tribunal fij\u00f3, como criterio, que los aumentos deber\u00edan ser \u201crazonables y justos\u201d \u2013aunque sin establecer par\u00e1metros\u2013, y aplicados en \u201cproporcionalidad\u201d a las condiciones de los usuarios. Debajo del escenario, segu\u00edan la presentaci\u00f3n de la acci\u00f3n de amparo \u2013que tambi\u00e9n suscribieron\u2013 decenas de intendentes, entre ellos Jorge Ferraresi (Avellaneda), diputados nacionales (Rodolfo Taillade, Felipe Sol\u00e1 y Victoria Donda, entre otros), entidades de usuarios (Deuco) y profesionales (IESO), adem\u00e1s de dirigentes sindicales (CTA) y de entidades empresarias (Marcelo Fern\u00e1ndez-Cgera-, Ariel Aguilar \u2013CIMA\u2013 y Juan Ciolli \u2013CEEN\u2013, junto a otros).<\/p>\n<p>\u201cHoy pagamos tarifas internacionales pero no tenemos inversiones\u201d, describi\u00f3 Gray en la apertura. \u201cEn mi distrito, en estos a\u00f1os, no hemos tenido ni siquiera un pedido de autorizaci\u00f3n de obra de Edesur. Cada vez que vienen a presentar un power point con las obras a iniciar en el a\u00f1o, y yo les exhibo siempre la que presentaron el a\u00f1o anterior, resultan ser las mismas con la fecha corrida\u201d, explic\u00f3. \u201cNo tenemos tampoco un ente que funcione como tal, que regule, imponga multas y fije resarcimientos a los usuarios afectados por los cortes. Edesur ni siquiera tiene un n\u00famero de reclamos al cual el usuario pueda llamar y haya alguien que lo atienda\u201d. Agreg\u00f3 que, tras \u201cla experiencia de m\u00e1s de dos a\u00f1os tratando con el ministro de Energ\u00eda Juan Jos\u00e9 Aranguren, llegu\u00e9 a la conclusi\u00f3n que jam\u00e1s entendi\u00f3 que hubiera usuarios en el conurbano que se abastecieran de gas con garrafas. \u00bfEs verdad?, me preguntaba cuando le dec\u00eda que el 40 por ciento de nuestros vecinos no tiene acceso a la red\u201d, record\u00f3. Indic\u00f3, finalmente, que el gobierno \u201cno escucha a los vecinos, pero est\u00e1 muy atento a las necesidades de las empresas\u201d.<\/p>\n<p>\u201cEs la primera vez que haremos una presentaci\u00f3n \u00fanica de pedido de amparo todos los aqu\u00ed presentes, lo cual le va a dar m\u00e1s fuerza al reclamo\u201d, destac\u00f3 Katopodis. Describi\u00f3 luego la situaci\u00f3n de clubes de barrio, comercios y peque\u00f1as industrias, usuarios electrodependientes porque no tienen acceso al gas, y otros sectores necesitados de los que \u201csolamente un diez por ciento puede acceder a la tarifa social\u201d. Magario, en tanto, mencion\u00f3 que en La Matanza, en 2015, un hogar deb\u00eda dedicar en promedio el 6 por ciento de sus ingresos al pago de luz, gas y agua potable. \u201cA partir de mediados de a\u00f1o, deber\u00e1 destinar el 26 por ciento de su salario a esas necesidades: el actual gobierno instal\u00f3 una realidad que no conoc\u00edamos, la de pobreza energ\u00e9tica\u201d.<\/p>\n<p>En el interior de la provincia, mencion\u00f3, hay familias que reciben la factura de luz por 12 mil pesos y la de gas por 5000 pesos. \u201c\u00bfC\u00f3mo hace una familia de trabajadores para afrontar semejante gasto? \u00bfQu\u00e9 ingresos deber\u00eda tener?\u201d, se pregunt\u00f3. Y record\u00f3 que en el \u00faltimo presupuesto para el a\u00f1o en curso, \u201cel gobierno de Mar\u00eda Eugenia Vidal no dej\u00f3 en claro cu\u00e1l es la cobertura que va a dar a la tarifa social, si va a cubrir el aumento. Porque si no es as\u00ed, eso queda a cargo de los municipios\u201d.<\/p>\n<p>Mariano Lovelli, director del Centro de Estudios para la Promoci\u00f3n de la Igualdad y la Solidaridad (Cepis), advirti\u00f3 que el actual gobierno \u201ccambi\u00f3 el paradigma de la gesti\u00f3n estatal; pasamos de tarifas accesibles a facturas impagables. En cada audiencia p\u00fablica debimos explicar que la electricidad, el agua y el gas son bienes sociales y no de mercado. Ahora llegamos a esta instancia de presentar una acci\u00f3n de amparo conjunta, en la que aportaremos todos los elementos, despu\u00e9s de tres a\u00f1os del gobierno de Macri, que demuestran que estas tarifas no son justas ni razonables\u201d. Se\u00f1al\u00f3 algunas cifras, en las que se comparan aumentos de salarios en tres a\u00f1os del 118 por ciento en el mejor de los casos, contra suba de tarifas del 2500 al 3500 por ciento. La ausencia total de obras, con lo cual mientras el argumento de los primeros aumentos fue \u201cterminar con los cortes de servicio\u201d, hoy esos cortes son mayores y no menores. Y dio un resumen del aumento del rendimiento de las empresas, no s\u00f3lo distribuidoras, sino tambi\u00e9n de generaci\u00f3n (Edenor, Edesur, Pampa Energ\u00eda y Central Puerto) que incrementaron sus ingresos por servicios del 800 al 1200 por ciento. \u201cAh\u00ed est\u00e1 el dinero de los aumentos que no fue a obras\u201d, concluy\u00f3 Lovelli, redondeando el argumento principal del recurso de amparo que pedir\u00e1n este lunes.<\/p>\n<h6>Fuente: P\u00e1gina 12<\/h6>\n","protected":false},"excerpt":{"rendered":"<p>Mandatarios del conurbano y del interior de la provincia se unieron, por primera vez, para enfrentar en una acci\u00f3n conjunta con entidades de usuarios y t\u00e9cnicos, el tarifazo. <\/p>\n","protected":false},"author":2,"featured_media":86612,"comment_status":"closed","ping_status":"closed","sticky":false,"template":"","format":"standard","meta":{"footnotes":""},"categories":[4],"tags":[12],"class_list":["post-86611","post","type-post","status-publish","format-standard","has-post-thumbnail","hentry","category-informe-politico","tag-buenos-aires"],"_links":{"self":[{"href":"http:\/\/argentinamunicipal.com.ar\/argentina\/wp-json\/wp\/v2\/posts\/86611","targetHints":{"allow":["GET"]}}],"collection":[{"href":"http:\/\/argentinamunicipal.com.ar\/argentina\/wp-json\/wp\/v2\/posts"}],"about":[{"href":"http:\/\/argentinamunicipal.com.ar\/argentina\/wp-json\/wp\/v2\/types\/post"}],"author":[{"embeddable":true,"href":"http:\/\/argentinamunicipal.com.ar\/argentina\/wp-json\/wp\/v2\/users\/2"}],"replies":[{"embeddable":true,"href":"http:\/\/argentinamunicipal.com.ar\/argentina\/wp-json\/wp\/v2\/comments?post=86611"}],"version-history":[{"count":0,"href":"http:\/\/argentinamunicipal.com.ar\/argentina\/wp-json\/wp\/v2\/posts\/86611\/revisions"}],"wp:featuredmedia":[{"embeddable":true,"href":"http:\/\/argentinamunicipal.com.ar\/argentina\/wp-json\/wp\/v2\/media\/86612"}],"wp:attachment":[{"href":"http:\/\/argentinamunicipal.com.ar\/argentina\/wp-json\/wp\/v2\/media?parent=86611"}],"wp:term":[{"taxonomy":"category","embeddable":true,"href":"http:\/\/argentinamunicipal.com.ar\/argentina\/wp-json\/wp\/v2\/categories?post=86611"},{"taxonomy":"post_tag","embeddable":true,"href":"http:\/\/argentinamunicipal.com.ar\/argentina\/wp-json\/wp\/v2\/tags?post=86611"}],"curies":[{"name":"wp","href":"https:\/\/api.w.org\/{rel}","templated":true}]}}