{"id":86620,"date":"2019-02-06T07:31:58","date_gmt":"2019-02-06T10:31:58","guid":{"rendered":"http:\/\/argentinamunicipal.com.ar\/argentina\/?p=86620"},"modified":"2019-02-06T07:31:58","modified_gmt":"2019-02-06T10:31:58","slug":"sangria-en-prensa-inhumanos-despidos-masivos-en-editorial-atlantida","status":"publish","type":"post","link":"http:\/\/argentinamunicipal.com.ar\/argentina\/sangria-en-prensa-inhumanos-despidos-masivos-en-editorial-atlantida\/","title":{"rendered":"Sangr\u00eda en prensa: inhumanos despidos masivos en Editorial Atl\u00e1ntida"},"content":{"rendered":"<p>\u00abEl personal de intendencia nos inform\u00f3 qui\u00e9nes pod\u00edan ingresar y qui\u00e9nes no, porque estaban despedidos\u00bb, aseguraron los trabajadores y trabajadoras, quienes se vieron sorprendidos al llegar a las instalaciones de la editorial.<\/p>\n<p>En el marco de una interminable sangr\u00eda en los medios de comunicaci\u00f3n, ocurrida desde la asunci\u00f3n de Mauricio Macri al frente del Ejecutivo nacional, los trabajadores y trabajadoras de Editorial Atl\u00e1ntida denunciaron este martes que al llegar a la empresa\u00a0\u00abnos encontramos con las puertas cerradas\u00bb.<\/p>\n<p>Agregaron adem\u00e1s que\u00a0\u00abel personal de intendencia nos inform\u00f3 qui\u00e9nes pod\u00edan ingresar y qui\u00e9nes no, porque estaban despedidos\u00bb.<\/p>\n<p>\u00abA los que tuvieron el ingreso vedado, se les dijo que\u00a0deb\u00edan esperar hasta la semana pr\u00f3xima para que, desde el departamento de legales, se comunicaran con ellos\u00bb, contaron los trabajadores y trabajadoras en un comunicado.<\/p>\n<p>En el marco de una crueldad impresionante y una deshumanizaci\u00f3n total, contaron que\u00a0\u00abestar\u00edan recibiendo en sus domicilios los telegramas\u00bb.<\/p>\n<p>\u00abTodos estos despidos tienen un patr\u00f3n com\u00fan y es que\u00a0fueron realizados con supuestas causas inventadas por la empresa para evitar pagar las correspondientes indemnizaciones\u00a0a trabajadores que, en su mayor\u00eda, cuentan con m\u00e1s de 10 a\u00f1os de antig\u00fcedad\u00bb, explicaron.<\/p>\n<p>En este sentido agregaron que\u00a0\u00abesto deja en evidencia que se trat\u00f3 de un plan que ya estaba en marcha cuando Irene Sabalain, directora de RRHH, y Juan Astibia, director del \u00e1rea de Legales,\u00a0se reunieron con el Secretario General, el Secretario de Organizaci\u00f3n y los integrantes de la Comisi\u00f3n Interna del Sipreba a fines del a\u00f1o pasado y manifestaron su voluntad de di\u00e1logo\u00bb.<\/p>\n<p>\u00abHasta el momento contabilizamos\u00a015 despidos realizados bajo esta modalidad, que se suman a m\u00e1s de 20 despidos indirectos\u00a0realizados a los colaboradores de las revistas La Valijita, La S\u00faper Valijita, Para Ti Mam\u00e1, Para Teens y Para Ti Tejidos, ya que la empresa decidi\u00f3 en enero dejar de imprimirlas\u00bb, se\u00f1alaron.<\/p>\n<p>Las y los trabajadores de la editorial definieron hacer un\u00a0paro hasta las 00 horas del mi\u00e9rcoles, a la espera de que se abra un canal de di\u00e1logo con las autoridades de la empresa.<\/p>\n<p>Hasta el momento,\u00a0ning\u00fan miembro del directorio se present\u00f3 en el edificio ni respondi\u00f3 los intentos de comunicaci\u00f3n efectuados por la Comisi\u00f3n Interna.<\/p>\n<p>El mi\u00e9rcoles 6 de febrero a las 15, realizar\u00e1n una\u00a0nueva Asamblea para definir el plan de lucha, en el que exigen \u00abel cese de los despidos y la reincorporaci\u00f3n de las y los compa\u00f1eros\u00bb.<\/p>\n<h6>Fuente: InfoNews<\/h6>\n","protected":false},"excerpt":{"rendered":"<p>\u00abEl personal de intendencia nos inform\u00f3 qui\u00e9nes pod\u00edan ingresar y qui\u00e9nes no, porque estaban despedidos\u00bb, aseguraron los trabajadores y trabajadoras, quienes se vieron sorprendidos al llegar a las instalaciones de la editorial.<\/p>\n","protected":false},"author":2,"featured_media":86621,"comment_status":"closed","ping_status":"closed","sticky":false,"template":"","format":"standard","meta":{"footnotes":""},"categories":[2],"tags":[12],"class_list":["post-86620","post","type-post","status-publish","format-standard","has-post-thumbnail","hentry","category-informe-municipal","tag-buenos-aires"],"_links":{"self":[{"href":"http:\/\/argentinamunicipal.com.ar\/argentina\/wp-json\/wp\/v2\/posts\/86620","targetHints":{"allow":["GET"]}}],"collection":[{"href":"http:\/\/argentinamunicipal.com.ar\/argentina\/wp-json\/wp\/v2\/posts"}],"about":[{"href":"http:\/\/argentinamunicipal.com.ar\/argentina\/wp-json\/wp\/v2\/types\/post"}],"author":[{"embeddable":true,"href":"http:\/\/argentinamunicipal.com.ar\/argentina\/wp-json\/wp\/v2\/users\/2"}],"replies":[{"embeddable":true,"href":"http:\/\/argentinamunicipal.com.ar\/argentina\/wp-json\/wp\/v2\/comments?post=86620"}],"version-history":[{"count":0,"href":"http:\/\/argentinamunicipal.com.ar\/argentina\/wp-json\/wp\/v2\/posts\/86620\/revisions"}],"wp:featuredmedia":[{"embeddable":true,"href":"http:\/\/argentinamunicipal.com.ar\/argentina\/wp-json\/wp\/v2\/media\/86621"}],"wp:attachment":[{"href":"http:\/\/argentinamunicipal.com.ar\/argentina\/wp-json\/wp\/v2\/media?parent=86620"}],"wp:term":[{"taxonomy":"category","embeddable":true,"href":"http:\/\/argentinamunicipal.com.ar\/argentina\/wp-json\/wp\/v2\/categories?post=86620"},{"taxonomy":"post_tag","embeddable":true,"href":"http:\/\/argentinamunicipal.com.ar\/argentina\/wp-json\/wp\/v2\/tags?post=86620"}],"curies":[{"name":"wp","href":"https:\/\/api.w.org\/{rel}","templated":true}]}}