{"id":86638,"date":"2019-02-06T06:00:03","date_gmt":"2019-02-06T09:00:03","guid":{"rendered":"http:\/\/argentinamunicipal.com.ar\/argentina\/?p=86638"},"modified":"2019-02-06T08:01:28","modified_gmt":"2019-02-06T11:01:28","slug":"frente-a-la-crisis-mas-tarifazos","status":"publish","type":"post","link":"http:\/\/argentinamunicipal.com.ar\/argentina\/frente-a-la-crisis-mas-tarifazos\/","title":{"rendered":"Frente a la crisis, m\u00e1s tarifazos"},"content":{"rendered":"<p>El Gobierno convoc\u00f3 a una audiencia p\u00fablica para avanzar en un nuevo cap\u00edtulo del tarifazo, esta vez en el servicio de gas de red. La suba promedio ser\u00eda del 35 por ciento en abril, superior a la inflaci\u00f3n prevista por el Gobierno para 2019, del 23 por ciento. De acuerdo a la Resoluci\u00f3n 1\/2019 del Ente Nacional Regulador del Gas (Enargas), la audiencia se llevar\u00e1 a cabo el pr\u00f3ximo 26 de febrero en el Centro Metropolitano de Dise\u00f1o de la Ciudad de Buenos Aires. Adem\u00e1s, se habilitar\u00e1n centros de participaci\u00f3n virtuales en Neuqu\u00e9n, Tierra del Fuego y Bah\u00eda Blanca. En la audiencia, no vinculante, se discutir\u00e1n las propuestas de incrementos establecidas en el marco del acuerdo de renegociaci\u00f3n tarifaria negociado entre el Gobierno y las transportadoras y distribuidoras del servicio de gas.<\/p>\n<p>El a\u00f1o comenz\u00f3 recargado en materia de aumentos tarifarios. En enero se aplic\u00f3 un aumento del 17 por ciento en las boletas de Aysa y en febrero tuvo lugar una suba promedio del 26 por ciento en el precio de la electricidad mayorista. En marzo se aplica una nueva cuota del aumento de la luz a partir de la suba del valor agregado de distribuci\u00f3n, que repercutir\u00e1 en las boletas en un 14 por ciento, que junto a nuevos aumentos en mayo y agosto llegar\u00e1n a un acumulado del 55 por ciento este a\u00f1o. En mayo tambi\u00e9n se aplicar\u00e1 la segunda cuota del aumento de Aysa, del 27 por ciento, con lo que llegar\u00eda a un acumulado del 48 por ciento. Tambi\u00e9n volvi\u00f3 a aumentar (y lo seguir\u00e1 haciendo) el transporte p\u00fablico.<\/p>\n<p>En el caso del gas, la audiencia p\u00fablica del pr\u00f3ximo 26 de febrero tratar\u00e1 un incremento que en el caso de Metrogas ser\u00eda del 35 por ciento en promedio desde abril. Metrogas tiene a su cargo la concesi\u00f3n del servicio de gas para 2,5 millones de clientes distribuidos entre la Capital Federal y varios partidos del conurbano bonaerense. El incremento promedio del 35 por ciento fue anticipado a fines del a\u00f1o pasado por el ahora ex secretario de Energ\u00eda, Javier Iguacel, y d\u00edas atr\u00e1s fue refrendado por el actual secretario del \u00e1rea, Gustavo Lopetegui. Seg\u00fan prev\u00e9 la normativa vigente, desde abril las subas del servicio de gas ser\u00e1n \u201cestacionales y semestrales\u201d, abarcando los per\u00edodos del 1 de abril al 30 de septiembre de cada a\u00f1o, y del 1 de octubre al 31 de marzo del a\u00f1o siguiente.<\/p>\n<p>Por otro lado, la calificadora de riesgo Moody\u00b4s se refiri\u00f3 al actual conflicto del Gobierno con Techint por el recorte de subsidios a la producci\u00f3n de gas de Vaca Muerta. \u201cEs negativo en t\u00e9rminos crediticios para los productores argentinos\u201d, se\u00f1al\u00f3.<\/p>\n<h6>Fuente: p\u00e1gina 12<\/h6>\n","protected":false},"excerpt":{"rendered":"<p>El Gobierno convoc\u00f3 a una audiencia p\u00fablica para avanzar en un nuevo cap\u00edtulo del tarifazo, esta vez en el servicio de gas de red.<\/p>\n","protected":false},"author":2,"featured_media":86639,"comment_status":"closed","ping_status":"closed","sticky":false,"template":"","format":"standard","meta":{"footnotes":""},"categories":[8],"tags":[21],"class_list":["post-86638","post","type-post","status-publish","format-standard","has-post-thumbnail","hentry","category-informe-nacional","tag-argentina"],"_links":{"self":[{"href":"http:\/\/argentinamunicipal.com.ar\/argentina\/wp-json\/wp\/v2\/posts\/86638","targetHints":{"allow":["GET"]}}],"collection":[{"href":"http:\/\/argentinamunicipal.com.ar\/argentina\/wp-json\/wp\/v2\/posts"}],"about":[{"href":"http:\/\/argentinamunicipal.com.ar\/argentina\/wp-json\/wp\/v2\/types\/post"}],"author":[{"embeddable":true,"href":"http:\/\/argentinamunicipal.com.ar\/argentina\/wp-json\/wp\/v2\/users\/2"}],"replies":[{"embeddable":true,"href":"http:\/\/argentinamunicipal.com.ar\/argentina\/wp-json\/wp\/v2\/comments?post=86638"}],"version-history":[{"count":0,"href":"http:\/\/argentinamunicipal.com.ar\/argentina\/wp-json\/wp\/v2\/posts\/86638\/revisions"}],"wp:featuredmedia":[{"embeddable":true,"href":"http:\/\/argentinamunicipal.com.ar\/argentina\/wp-json\/wp\/v2\/media\/86639"}],"wp:attachment":[{"href":"http:\/\/argentinamunicipal.com.ar\/argentina\/wp-json\/wp\/v2\/media?parent=86638"}],"wp:term":[{"taxonomy":"category","embeddable":true,"href":"http:\/\/argentinamunicipal.com.ar\/argentina\/wp-json\/wp\/v2\/categories?post=86638"},{"taxonomy":"post_tag","embeddable":true,"href":"http:\/\/argentinamunicipal.com.ar\/argentina\/wp-json\/wp\/v2\/tags?post=86638"}],"curies":[{"name":"wp","href":"https:\/\/api.w.org\/{rel}","templated":true}]}}