{"id":86657,"date":"2019-02-07T06:22:04","date_gmt":"2019-02-07T09:22:04","guid":{"rendered":"http:\/\/argentinamunicipal.com.ar\/argentina\/?p=86657"},"modified":"2019-02-07T06:22:04","modified_gmt":"2019-02-07T09:22:04","slug":"menos-educacion-macri-dio-otro-paso-en-la-destruccion-de-las-becas-progresar","status":"publish","type":"post","link":"http:\/\/argentinamunicipal.com.ar\/argentina\/menos-educacion-macri-dio-otro-paso-en-la-destruccion-de-las-becas-progresar\/","title":{"rendered":"Menos educaci\u00f3n: Macri dio otro paso en la destrucci\u00f3n de las Becas Progresar"},"content":{"rendered":"<p>El Gobierno congel\u00f3 el monto que otorga por cada beca incluso pese a la inflaci\u00f3n del 47,6 por ciento que hubo en 2018. El beneficio para que los m\u00e1s humildes completen sus estudios podr\u00eda terminarse a fin de a\u00f1o.<\/p>\n<p>En su avanzada irrefrenable contra los derechos de los sectores m\u00e1s desprotegidos,\u00a0el gobierno de Cambiemos dio un golpe que deja al borde del noc\u00e1ut al elogiado\u00a0Plan de Becas Progresar,\u00a0que desde el gobierno de\u00a0Cristina Kirchner\u00a0permite que estudiantes de bajos ingresos puedan completar sus curr\u00edculas.<\/p>\n<p>Pese a que la inflaci\u00f3n del 2018 marc\u00f3 el 47,6 por ciento, el Poder Ejecutivo resolvi\u00f3 no actualizar los montos que reciben los beneficiarios. Por este camino y seg\u00fan lo que funcionarios del oficialismo dicen en voz baja,\u00a0el Plan podr\u00eda no sobrevivir a una hipot\u00e9tica reelecci\u00f3n de Mauricio Macri.<\/p>\n<p>Ya en 2016, ni bien asumi\u00f3, Cambiemos eligi\u00f3 no actualizar los montos, cosa que su sucedi\u00f3 a comienzos de 2018 pero limitando la cantidad de becas a entregar y poniendo un escollo fundamental para quienes estudiaban en condiciones desvaforables: ya no importa si el potencial beneficiario est\u00e1 en una situaci\u00f3n de pobreza profunda, ya que se incorpor\u00f3 como vara para el beneficio los resultados acad\u00e9micos.<\/p>\n<p>Seg\u00fan la Resoluci\u00f3n 7\/2019 del ministerio de Educaci\u00f3n publicada este martes en el Bolet\u00edn Oficial, la\u00a0inscripci\u00f3n al programa se extiende del 1 al 31 de marzo y est\u00e1 destinado a los j\u00f3venes de 18 a 24 a\u00f1os que quieren terminar el primario o el secundario, estudiar en la universidad o hacer cursos de formaci\u00f3n profesional y necesitan\u00a0ayuda econ\u00f3mica.<\/p>\n<p>Para calificar para la beca el beneficiario debe tener ingresos familiares totales de hasta tres salarios m\u00ednimos (que en marzo ser\u00e1 de 11.900 pesos).<\/p>\n<p>Los alumnos de educaci\u00f3n superior deben aprobar como m\u00ednimo la mitad m\u00e1s una de las materias del programa del a\u00f1o (hasta 2018 les alcanzaba con aprobar dos materias por a\u00f1o).<\/p>\n<h6>Fuente: InfoNews<\/h6>\n","protected":false},"excerpt":{"rendered":"<p>El Gobierno congel\u00f3 el monto que otorga por cada beca incluso pese a la inflaci\u00f3n del 47,6 por ciento que hubo en 2018. El beneficio para que los m\u00e1s humildes completen sus estudios podr\u00eda terminarse a fin de a\u00f1o.<\/p>\n","protected":false},"author":2,"featured_media":86658,"comment_status":"closed","ping_status":"closed","sticky":false,"template":"","format":"standard","meta":{"footnotes":""},"categories":[8],"tags":[21],"class_list":["post-86657","post","type-post","status-publish","format-standard","has-post-thumbnail","hentry","category-informe-nacional","tag-argentina"],"_links":{"self":[{"href":"http:\/\/argentinamunicipal.com.ar\/argentina\/wp-json\/wp\/v2\/posts\/86657","targetHints":{"allow":["GET"]}}],"collection":[{"href":"http:\/\/argentinamunicipal.com.ar\/argentina\/wp-json\/wp\/v2\/posts"}],"about":[{"href":"http:\/\/argentinamunicipal.com.ar\/argentina\/wp-json\/wp\/v2\/types\/post"}],"author":[{"embeddable":true,"href":"http:\/\/argentinamunicipal.com.ar\/argentina\/wp-json\/wp\/v2\/users\/2"}],"replies":[{"embeddable":true,"href":"http:\/\/argentinamunicipal.com.ar\/argentina\/wp-json\/wp\/v2\/comments?post=86657"}],"version-history":[{"count":0,"href":"http:\/\/argentinamunicipal.com.ar\/argentina\/wp-json\/wp\/v2\/posts\/86657\/revisions"}],"wp:featuredmedia":[{"embeddable":true,"href":"http:\/\/argentinamunicipal.com.ar\/argentina\/wp-json\/wp\/v2\/media\/86658"}],"wp:attachment":[{"href":"http:\/\/argentinamunicipal.com.ar\/argentina\/wp-json\/wp\/v2\/media?parent=86657"}],"wp:term":[{"taxonomy":"category","embeddable":true,"href":"http:\/\/argentinamunicipal.com.ar\/argentina\/wp-json\/wp\/v2\/categories?post=86657"},{"taxonomy":"post_tag","embeddable":true,"href":"http:\/\/argentinamunicipal.com.ar\/argentina\/wp-json\/wp\/v2\/tags?post=86657"}],"curies":[{"name":"wp","href":"https:\/\/api.w.org\/{rel}","templated":true}]}}